{"id":15377,"date":"2022-02-16T17:47:26","date_gmt":"2022-02-16T17:47:26","guid":{"rendered":"https:\/\/www.elgrillitosuena.com\/inicio\/?p=15377"},"modified":"2022-02-16T17:47:26","modified_gmt":"2022-02-16T17:47:26","slug":"revocacion-de-mandato-ine-comienza-impresion-de-boletas","status":"publish","type":"post","link":"https:\/\/www.elgrillitosuena.com\/inicio\/noticias\/mexico\/revocacion-de-mandato-ine-comienza-impresion-de-boletas\/","title":{"rendered":"Revocaci\u00f3n de mandato: INE comienza impresi\u00f3n de boletas"},"content":{"rendered":"<p><img decoding=\"async\" src=\"https:\/\/www.radioformula.com.mx\/u\/fotografias\/m\/2022\/2\/16\/f960x540-322215_396290_31.jpeg\" alt=\"Las boletas contar\u00e1n con todas las medidas de seguridad para que sea una consulta de revocaci\u00f3n efectiva.\" \/><\/p>\n<p>Este mi\u00e9rcoles, el\u00a0Instituto Nacional Electoral (INE)\u00a0comenz\u00f3 a\u00a0imprimir las boletas electorales\u00a0y toda la papeler\u00eda que ser\u00e1 utilizada para la\u00a0revocaci\u00f3n de mandato.\u00a0La\u00a0consulta ciudadana\u00a0se realizar\u00e1 el pr\u00f3ximo\u00a010 de abril.<\/p>\n<p>Todo el material que ser\u00e1 utilizado durante la jornada de consulta ser\u00e1 impreso en los Talleres Gr\u00e1ficos de M\u00e9xico de la Secretar\u00eda de Gobernaci\u00f3n (Segob), ubicados en la alcald\u00eda Cuauht\u00e9moc de la Ciudad de M\u00e9xico.<\/p>\n<p>El INE recalc\u00f3 que cada una de las boletas que se utilizar\u00e1n\u00a0contar\u00e1n con todas las medidas de seguridad que ayuden a dar certeza a este ejercicio.<\/p>\n<p>Por su parte, Ariel Garc\u00eda, director general de Talleres Gr\u00e1ficos de M\u00e9xico, detall\u00f3 que en las instalaciones se van a imprimir poco m\u00e1s de 95.5 millones de boletas, mismas que, asegur\u00f3, estar\u00e1n listas en tiempo y forma.<\/p>\n<p>Para\u00a0la jornada de consulta de revocaci\u00f3n de mandato, el INE instalar\u00e1 un total de 57 mil casillas en todo el pa\u00eds, las cuales estar\u00e1n integradas por 5 ciudadanos: presidente de casilla, secretario, escrutador y dos suplentes.<\/p>\n<p>Lorenzo C\u00f3rdova, consejero presidente del INE asegur\u00f3 que el Instituto garantizar\u00e1 que cada una de las m\u00e1s de 91 millones de mexicanas y mexicanos inscritos en la Lista Nominal cuenten con una boleta para poder participar en la consulta, en un mensaje compartido en sus redes sociales.<\/p>\n<p><img decoding=\"async\" src=\"https:\/\/www.radioformula.com.mx\/u\/fotografias\/m\/2022\/2\/16\/f768x400-322216_366119_5050.jpeg\" \/><\/p>\n<h2><strong>INE ajusta consulta a su presupuesto\u00a0<\/strong><\/h2>\n<p>Desde que inici\u00f3 el proceso para llevar a cabo la consulta de revocaci\u00f3n de mandato, el presupuesto para llevar a cabo este ejercicio ha sido motivo de disputa entre el INE y el gobierno federal.<\/p>\n<p>El INE solicit\u00f3 a la Secretar\u00eda de Hacienda un incremento a su presupuesto para poder llevar a cabo la consulta, sin embargo este aumento les fue negado; en respuesta, el Instituto interpuso un recurso ante la Suprema Corte de Justicia de la Naci\u00f3n (SCJN).<\/p>\n<p>Durante los primeros d\u00edas de febrero, la Corte resolvi\u00f3 que el INE est\u00e1 obligado a llevar a cabo la consulta\u00a0ajust\u00e1ndose al presupuesto con el que cuenta.<\/p>\n<p>&#8220;Se modifica la suspensi\u00f3n decretada el 10 de diciembre de 2021, solicitada por el Instituto Nacional Electoral, para que lleve a cabo el procedimiento de revocaci\u00f3n de mandato de la manera m\u00e1s eficiente, tanto como lo permita el presupuesto que hasta el momento tiene programado, as\u00ed como para que no se ejecute la resoluci\u00f3n sobre alg\u00fan tipo de responsabilidad penal o administrativa en contra de los integrantes del Consejo General de dicho instituto\u201d, se\u00f1ala \u00a0el acuerdo emitido por la Corte el pasado 2 de febrero.<\/p>\n<p>Con informaci\u00f3n de Radio F\u00f3rmula<\/p>\n","protected":false},"excerpt":{"rendered":"<p>Este mi\u00e9rcoles, el\u00a0Instituto Nacional Electoral (INE)\u00a0comenz\u00f3 a\u00a0imprimir las boletas electorales\u00a0y toda la papeler\u00eda que ser\u00e1 utilizada para la\u00a0revocaci\u00f3n de mandato.\u00a0La\u00a0consulta ciudadana\u00a0se realizar\u00e1 el pr\u00f3ximo\u00a010 de abril. Todo el material que ser\u00e1 utilizado durante la jornada de consulta ser\u00e1 impreso en los Talleres Gr\u00e1ficos de M\u00e9xico de la Secretar\u00eda de Gobernaci\u00f3n (Segob), ubicados en la alcald\u00eda &hellip;<\/p>\n","protected":false},"author":6,"featured_media":15378,"comment_status":"open","ping_status":"closed","sticky":false,"template":"","format":"standard","meta":[],"categories":[39],"tags":[4205,932,2515],"_links":{"self":[{"href":"https:\/\/www.elgrillitosuena.com\/inicio\/wp-json\/wp\/v2\/posts\/15377"}],"collection":[{"href":"https:\/\/www.elgrillitosuena.com\/inicio\/wp-json\/wp\/v2\/posts"}],"about":[{"href":"https:\/\/www.elgrillitosuena.com\/inicio\/wp-json\/wp\/v2\/types\/post"}],"author":[{"embeddable":true,"href":"https:\/\/www.elgrillitosuena.com\/inicio\/wp-json\/wp\/v2\/users\/6"}],"replies":[{"embeddable":true,"href":"https:\/\/www.elgrillitosuena.com\/inicio\/wp-json\/wp\/v2\/comments?post=15377"}],"version-history":[{"count":1,"href":"https:\/\/www.elgrillitosuena.com\/inicio\/wp-json\/wp\/v2\/posts\/15377\/revisions"}],"predecessor-version":[{"id":15379,"href":"https:\/\/www.elgrillitosuena.com\/inicio\/wp-json\/wp\/v2\/posts\/15377\/revisions\/15379"}],"wp:featuredmedia":[{"embeddable":true,"href":"https:\/\/www.elgrillitosuena.com\/inicio\/wp-json\/wp\/v2\/media\/15378"}],"wp:attachment":[{"href":"https:\/\/www.elgrillitosuena.com\/inicio\/wp-json\/wp\/v2\/media?parent=15377"}],"wp:term":[{"taxonomy":"category","embeddable":true,"href":"https:\/\/www.elgrillitosuena.com\/inicio\/wp-json\/wp\/v2\/categories?post=15377"},{"taxonomy":"post_tag","embeddable":true,"href":"https:\/\/www.elgrillitosuena.com\/inicio\/wp-json\/wp\/v2\/tags?post=15377"}],"curies":[{"name":"wp","href":"https:\/\/api.w.org\/{rel}","templated":true}]}}