{"id":15201,"date":"2022-02-11T15:24:47","date_gmt":"2022-02-11T15:24:47","guid":{"rendered":"https:\/\/www.elgrillitosuena.com\/inicio\/?p=15201"},"modified":"2022-02-11T15:24:47","modified_gmt":"2022-02-11T15:24:47","slug":"mexico-lograra-una-economia-oceanica-sustentable-en-2025-ebrard","status":"publish","type":"post","link":"https:\/\/www.elgrillitosuena.com\/inicio\/noticias\/mexico\/mexico-lograra-una-economia-oceanica-sustentable-en-2025-ebrard\/","title":{"rendered":"M\u00e9xico lograr\u00e1 una econom\u00eda oce\u00e1nica sustentable en 2025: Ebrard"},"content":{"rendered":"<p><img decoding=\"async\" src=\"https:\/\/cdn2.excelsior.com.mx\/media\/styles\/image800x600\/public\/pictures\/2022\/02\/11\/2712755.jpg\" \/><\/p>\n<p>El titular de la Secretar\u00eda de Relaciones Exteriores, Marcelo Ebrard anunci\u00f3 desde la cumbre de un oc\u00e9ano 2022 (One Ocean Summit) que se lleva a cabo en Francia que para 2025, toda la actividad en la zona econ\u00f3mica exclusiva mar\u00edtima de M\u00e9xico ser\u00e1 sustentable.<\/p>\n<p>El canciller mexicano participa en la\u00a0cumbre internacional sobre la protecci\u00f3n y la preservaci\u00f3n de mares y oc\u00e9anos, desde ah\u00ed hizo un llamado a la comunidad internacional a establecer la acci\u00f3n inmediata para la protecci\u00f3n de los oc\u00e9anos en \u00e1reas a\u00fan pendientes.<\/p>\n<blockquote><p>\u201cEntre todos podemos lograr este a\u00f1o tener un instrumento de gobernanza global para las aguas internacionales\u201d, dijo el funcionario mexicano.<\/p><\/blockquote>\n<p>Ebrard Casaub\u00f3n tambi\u00e9n destac\u00f3 los objetivos regionales por cumplir en Am\u00e9rica Latina y el Caribe, gracias a la CELAC como son reducci\u00f3n del uso de pl\u00e1sticos, reducci\u00f3n de la contaminaci\u00f3n y la preservaci\u00f3n de la biodiversidad.<\/p>\n<p>\u2018M\u00e9xico est\u00e1 aqu\u00ed porque tenemos 15 mil kil\u00f3metros de litorales\u2026 este a\u00f1o debemos tener el instrumento com\u00fan de la gobernanza global para proteger la biodiversidad de los oc\u00e9anos. M\u00e9xico y otros muchos pa\u00edses queremos luchar por tener el instrumento global que ratifique que podemos gobernar al mundo de una forma distinta\u201d, destac\u00f3.<\/p>\n<p>Con informaci\u00f3n de Exc\u00e9lsior<\/p>\n","protected":false},"excerpt":{"rendered":"<p>El titular de la Secretar\u00eda de Relaciones Exteriores, Marcelo Ebrard anunci\u00f3 desde la cumbre de un oc\u00e9ano 2022 (One Ocean Summit) que se lleva a cabo en Francia que para 2025, toda la actividad en la zona econ\u00f3mica exclusiva mar\u00edtima de M\u00e9xico ser\u00e1 sustentable. El canciller mexicano participa en la\u00a0cumbre internacional sobre la protecci\u00f3n y &hellip;<\/p>\n","protected":false},"author":6,"featured_media":15202,"comment_status":"open","ping_status":"closed","sticky":false,"template":"","format":"standard","meta":[],"categories":[39],"tags":[4171,245,156],"_links":{"self":[{"href":"https:\/\/www.elgrillitosuena.com\/inicio\/wp-json\/wp\/v2\/posts\/15201"}],"collection":[{"href":"https:\/\/www.elgrillitosuena.com\/inicio\/wp-json\/wp\/v2\/posts"}],"about":[{"href":"https:\/\/www.elgrillitosuena.com\/inicio\/wp-json\/wp\/v2\/types\/post"}],"author":[{"embeddable":true,"href":"https:\/\/www.elgrillitosuena.com\/inicio\/wp-json\/wp\/v2\/users\/6"}],"replies":[{"embeddable":true,"href":"https:\/\/www.elgrillitosuena.com\/inicio\/wp-json\/wp\/v2\/comments?post=15201"}],"version-history":[{"count":1,"href":"https:\/\/www.elgrillitosuena.com\/inicio\/wp-json\/wp\/v2\/posts\/15201\/revisions"}],"predecessor-version":[{"id":15203,"href":"https:\/\/www.elgrillitosuena.com\/inicio\/wp-json\/wp\/v2\/posts\/15201\/revisions\/15203"}],"wp:featuredmedia":[{"embeddable":true,"href":"https:\/\/www.elgrillitosuena.com\/inicio\/wp-json\/wp\/v2\/media\/15202"}],"wp:attachment":[{"href":"https:\/\/www.elgrillitosuena.com\/inicio\/wp-json\/wp\/v2\/media?parent=15201"}],"wp:term":[{"taxonomy":"category","embeddable":true,"href":"https:\/\/www.elgrillitosuena.com\/inicio\/wp-json\/wp\/v2\/categories?post=15201"},{"taxonomy":"post_tag","embeddable":true,"href":"https:\/\/www.elgrillitosuena.com\/inicio\/wp-json\/wp\/v2\/tags?post=15201"}],"curies":[{"name":"wp","href":"https:\/\/api.w.org\/{rel}","templated":true}]}}