{"id":15195,"date":"2022-02-10T20:45:42","date_gmt":"2022-02-10T20:45:42","guid":{"rendered":"https:\/\/www.elgrillitosuena.com\/inicio\/?p=15195"},"modified":"2022-02-10T20:45:42","modified_gmt":"2022-02-10T20:45:42","slug":"olmeca-maya-mexica-la-empresa-militar-que-resguardara-aeropuertos-y-al-tren-maya","status":"publish","type":"post","link":"https:\/\/www.elgrillitosuena.com\/inicio\/noticias\/mexico\/olmeca-maya-mexica-la-empresa-militar-que-resguardara-aeropuertos-y-al-tren-maya\/","title":{"rendered":"Olmeca, Maya Mexica: la empresa militar que resguardar\u00e1 aeropuertos y al Tren Maya"},"content":{"rendered":"<p><img decoding=\"async\" src=\"https:\/\/heraldodemexico.com.mx\/u\/fotografias\/m\/2022\/1\/27\/f960x540-471054_545129_0.jpeg\" alt=\"El mandatario tambi\u00e9n adelant\u00f3 que se va a pagar por adelantado el mantenimiento del Tren Maya. Foto: Especial \/ CUARTOSCURO\" \/><\/p>\n<p>El presidente\u00a0Andr\u00e9s Manuel L\u00f3pez Obrador\u00a0cre\u00f3 la empresa militar\u00a0&#8220;Olmeca, Maya Mexica&#8221;, la cual administrar\u00e1 los\u00a0aeropuertos\u00a0Felipe \u00c1ngeles, el de Tulum, Palenque y Chetumal.<\/p>\n<p>Adem\u00e1s, esta empresa estatal tambi\u00e9n se har\u00e1 cargo de la operaci\u00f3n y administraci\u00f3n de los mil 590 kil\u00f3metros del Tren Maya.<\/p>\n<p>En el marco del D\u00eda de la Fuerza \u00c1rea Mexicana, el mandatario agreg\u00f3 que el 75 por cierto de las utilidades de estos aeropuertos y de la administraci\u00f3n del Tren Maya se etiquetar\u00e1n para las jubilaciones de los integrantes de las Fuerzas Armadas.<\/p>\n<p>&#8220;Por eso se tom\u00f3 la decisi\u00f3n de crear una nueva empresa llamada \u2018Olmeca, Maya Mexica\u2019 la cual va a manejar este aeropuerto civil, el de Tulum, de Chetumal y de Palenque.<\/p>\n<blockquote><p>\u201cEsa misma empresa va a manejar los mil 500 kil\u00f3metros del Tren Maya y esa empresa, que va a depender de las Fuerzas Armadas, va a destinar el 75 por ciento de sus utilidades para las jubilaciones de marinos, de soldados, de integrantes de las fuerzas armadas. Lo hacemos para que se fortalezcan estas instituciones importantes. No va a quedarle a la nueva empresa un centavo de deuda, porque todo lo que se est\u00e1 construyendo es del presupuesto p\u00fablico&#8221;, reiter\u00f3.<\/p><\/blockquote>\n<p>En el desayuno organizado por la\u00a0Fuerza \u00c1rea Mexicana, el mandatario tambi\u00e9n adelant\u00f3 que se va a pagar por adelantado el mantenimiento del Tren Maya, con el objetivo de las Fuerzas Armadas ayuden a custodiar el patrimonio de todos los mexicanos y que se defienda lo que es del pueblo.<\/p>\n<p>Se trata de la Escuela Militar de Tropas Especialistas de la Fuerza \u00c1rea: la Escuela Militar de Materiales de Guerra; el Museo del Mamut y el Museo Militar de Aviaci\u00f3n.<\/p>\n<p>En su participaci\u00f3n tambi\u00e9n agradeci\u00f3 a la Fuerza \u00c1rea Mexicana por ayudar en el desarrollo del pa\u00eds, as\u00ed como en la distribuci\u00f3n de las vacunas contra el\u00a0COVID-19.<\/p>\n<p>Este evento se desarrolla sin la presencia de los titulares de la Defensa Nacional y Marina, General Luis Cresencio Sandoval y Almirante Jos\u00e9 Rafael Ojeda.<\/p>\n<p>El\u00a0General Luis Cresencio Sandoval\u00a0inform\u00f3 que sali\u00f3 positivo de COVID-19 y lo representa el subsecretario Agust\u00edn Radilla Suastegui; el Almirante Jos\u00e9 Rafael Ojeda envi\u00f3 como su representante al subsecretario de Marina, el almirante Jos\u00e9 Luis Arellano Ruiz.<\/p>\n<p>Con informaci\u00f3n de Heraldo de M\u00e9xico<\/p>\n<div class=\"content-banner\"><\/div>\n","protected":false},"excerpt":{"rendered":"<p>El presidente\u00a0Andr\u00e9s Manuel L\u00f3pez Obrador\u00a0cre\u00f3 la empresa militar\u00a0&#8220;Olmeca, Maya Mexica&#8221;, la cual administrar\u00e1 los\u00a0aeropuertos\u00a0Felipe \u00c1ngeles, el de Tulum, Palenque y Chetumal. Adem\u00e1s, esta empresa estatal tambi\u00e9n se har\u00e1 cargo de la operaci\u00f3n y administraci\u00f3n de los mil 590 kil\u00f3metros del Tren Maya. En el marco del D\u00eda de la Fuerza \u00c1rea Mexicana, el mandatario agreg\u00f3 &hellip;<\/p>\n","protected":false},"author":6,"featured_media":15196,"comment_status":"open","ping_status":"closed","sticky":false,"template":"","format":"standard","meta":[],"categories":[39],"tags":[4168,98,4169],"_links":{"self":[{"href":"https:\/\/www.elgrillitosuena.com\/inicio\/wp-json\/wp\/v2\/posts\/15195"}],"collection":[{"href":"https:\/\/www.elgrillitosuena.com\/inicio\/wp-json\/wp\/v2\/posts"}],"about":[{"href":"https:\/\/www.elgrillitosuena.com\/inicio\/wp-json\/wp\/v2\/types\/post"}],"author":[{"embeddable":true,"href":"https:\/\/www.elgrillitosuena.com\/inicio\/wp-json\/wp\/v2\/users\/6"}],"replies":[{"embeddable":true,"href":"https:\/\/www.elgrillitosuena.com\/inicio\/wp-json\/wp\/v2\/comments?post=15195"}],"version-history":[{"count":1,"href":"https:\/\/www.elgrillitosuena.com\/inicio\/wp-json\/wp\/v2\/posts\/15195\/revisions"}],"predecessor-version":[{"id":15197,"href":"https:\/\/www.elgrillitosuena.com\/inicio\/wp-json\/wp\/v2\/posts\/15195\/revisions\/15197"}],"wp:featuredmedia":[{"embeddable":true,"href":"https:\/\/www.elgrillitosuena.com\/inicio\/wp-json\/wp\/v2\/media\/15196"}],"wp:attachment":[{"href":"https:\/\/www.elgrillitosuena.com\/inicio\/wp-json\/wp\/v2\/media?parent=15195"}],"wp:term":[{"taxonomy":"category","embeddable":true,"href":"https:\/\/www.elgrillitosuena.com\/inicio\/wp-json\/wp\/v2\/categories?post=15195"},{"taxonomy":"post_tag","embeddable":true,"href":"https:\/\/www.elgrillitosuena.com\/inicio\/wp-json\/wp\/v2\/tags?post=15195"}],"curies":[{"name":"wp","href":"https:\/\/api.w.org\/{rel}","templated":true}]}}