{"id":15092,"date":"2022-02-09T16:01:20","date_gmt":"2022-02-09T16:01:20","guid":{"rendered":"https:\/\/www.elgrillitosuena.com\/inicio\/?p=15092"},"modified":"2022-02-09T16:01:20","modified_gmt":"2022-02-09T16:01:20","slug":"alemania-designa-como-embajadora-del-clima-a-ex-directora-de-greenpeace-jennifer-morgan","status":"publish","type":"post","link":"https:\/\/www.elgrillitosuena.com\/inicio\/noticias\/mundo\/alemania-designa-como-embajadora-del-clima-a-ex-directora-de-greenpeace-jennifer-morgan\/","title":{"rendered":"Alemania designa como embajadora del clima a ex directora de Greenpeace, Jennifer Morgan"},"content":{"rendered":"<p><img decoding=\"async\" src=\"https:\/\/imagenesntn24.canalrcn.com\/ImgNtn24\/000_9z28tc.jpg\" alt=\"Directora de Greenpeace es la nueva embajadora del clima en Alemania\" \/><\/p>\n<p>Alemania design\u00f3\u00a0 hoy a la directora ejecutiva de Greenpeace, la estadunidense Jennifer Morgan, como su &#8220;embajadora del clima&#8221;, en momentos en que el gobierno del canciller Olaf Scholz ha convertido al desarrollo de las energ\u00edas renovables en una de sus pol\u00edticas con mayores prioridades.<\/p>\n<p>Morgan, a la cabeza de la organizaci\u00f3n no gubernamental ecologista desde 2016, ser\u00e1 a partir del pr\u00f3ximo 1 de marzo la &#8220;representante especial para la pol\u00edtica internacional sobre el clima&#8221; de Alemania, anunci\u00f3 por su parte la ministra de Relaciones Exteriores de este pa\u00eds, Annalena Baerbock, quien la present\u00f3 a como su futura &#8220;mano derecha&#8221;.<\/p>\n<p>Se trata de la primera vez que un gobierno alem\u00e1n, integrado desde diciembre por cinco ministros ecologistas, algunos de ellos en puestos clave, adopta esta figura.<\/p>\n<p>&#8220;En lo que concierne a nuestra pol\u00edtica exterior, tambi\u00e9n hemos ubicado a la lucha contra la crisis clim\u00e1tica donde debe estar, o sea, en lo m\u00e1s alto de la agenda&#8221;, justific\u00f3 la jefa de la diplomacia en el marco de una conferencia de prensa junto a Jennifer Morgan. Baerbock recalc\u00f3 en que\u00a0&#8220;la crisis clim\u00e1tica cambiar\u00e1 mucho a nuestro mundo en los pr\u00f3ximos a\u00f1os&#8221;.<\/p>\n<p>Desde que asumiera en diciembre pasado, el gabinete tripartito de Scholz ha hecho del clima una de sus grandes prioridades, con un objetivo muy ambicioso: para 2030, el consumo el\u00e9ctrico debe provenir en el 80 por ciento de energ\u00edas renovables.<\/p>\n<p>Por lo tanto, la de Morgan es &#8220;una designaci\u00f3n de ensue\u00f1o&#8221; y &#8220;una se\u00f1al importante en lo que ata\u00f1e a la protecci\u00f3n internacional del clima&#8221;, de acuerdo a Baerbock.<\/p>\n<p>Con informaci\u00f3n de Milenio Noticias<\/p>\n","protected":false},"excerpt":{"rendered":"<p>Alemania design\u00f3\u00a0 hoy a la directora ejecutiva de Greenpeace, la estadunidense Jennifer Morgan, como su &#8220;embajadora del clima&#8221;, en momentos en que el gobierno del canciller Olaf Scholz ha convertido al desarrollo de las energ\u00edas renovables en una de sus pol\u00edticas con mayores prioridades. Morgan, a la cabeza de la organizaci\u00f3n no gubernamental ecologista desde &hellip;<\/p>\n","protected":false},"author":6,"featured_media":15093,"comment_status":"open","ping_status":"closed","sticky":false,"template":"","format":"standard","meta":[],"categories":[40],"tags":[4141,4142,4140],"_links":{"self":[{"href":"https:\/\/www.elgrillitosuena.com\/inicio\/wp-json\/wp\/v2\/posts\/15092"}],"collection":[{"href":"https:\/\/www.elgrillitosuena.com\/inicio\/wp-json\/wp\/v2\/posts"}],"about":[{"href":"https:\/\/www.elgrillitosuena.com\/inicio\/wp-json\/wp\/v2\/types\/post"}],"author":[{"embeddable":true,"href":"https:\/\/www.elgrillitosuena.com\/inicio\/wp-json\/wp\/v2\/users\/6"}],"replies":[{"embeddable":true,"href":"https:\/\/www.elgrillitosuena.com\/inicio\/wp-json\/wp\/v2\/comments?post=15092"}],"version-history":[{"count":1,"href":"https:\/\/www.elgrillitosuena.com\/inicio\/wp-json\/wp\/v2\/posts\/15092\/revisions"}],"predecessor-version":[{"id":15094,"href":"https:\/\/www.elgrillitosuena.com\/inicio\/wp-json\/wp\/v2\/posts\/15092\/revisions\/15094"}],"wp:featuredmedia":[{"embeddable":true,"href":"https:\/\/www.elgrillitosuena.com\/inicio\/wp-json\/wp\/v2\/media\/15093"}],"wp:attachment":[{"href":"https:\/\/www.elgrillitosuena.com\/inicio\/wp-json\/wp\/v2\/media?parent=15092"}],"wp:term":[{"taxonomy":"category","embeddable":true,"href":"https:\/\/www.elgrillitosuena.com\/inicio\/wp-json\/wp\/v2\/categories?post=15092"},{"taxonomy":"post_tag","embeddable":true,"href":"https:\/\/www.elgrillitosuena.com\/inicio\/wp-json\/wp\/v2\/tags?post=15092"}],"curies":[{"name":"wp","href":"https:\/\/api.w.org\/{rel}","templated":true}]}}