{"id":15086,"date":"2022-02-09T15:49:13","date_gmt":"2022-02-09T15:49:13","guid":{"rendered":"https:\/\/www.elgrillitosuena.com\/inicio\/?p=15086"},"modified":"2022-02-09T15:49:13","modified_gmt":"2022-02-09T15:49:13","slug":"amlo-es-libre-de-decir-lo-que-quiera-pero-victimas-por-la-pandemia-tambien-tienen-derecho-a-denunciar-javier-coello","status":"publish","type":"post","link":"https:\/\/www.elgrillitosuena.com\/inicio\/noticias\/mexico\/amlo-es-libre-de-decir-lo-que-quiera-pero-victimas-por-la-pandemia-tambien-tienen-derecho-a-denunciar-javier-coello\/","title":{"rendered":"AMLO es libre de decir lo que quiera, pero v\u00edctimas por la pandemia tambi\u00e9n tienen derecho a denunciar: Javier Coello"},"content":{"rendered":"<p><img decoding=\"async\" src=\"https:\/\/heraldodemexico.com.mx\/u\/fotografias\/m\/2021\/7\/8\/f960x540-393797_467872_0.jpg\" alt=\"El subsecretario de salud y encargado del manejo de la pandemia fue denunciado penal mente por los fallecimientos por Covid-19. FOTO: Cuartoscuro\" \/><\/p>\n<p>El presidente Andr\u00e9s Manuel L\u00f3pez Obrador defendi\u00f3 al subsecretario de salud, Hugo L\u00f3pez-Gatell, ante la\u00a0denuncia\u00a0impuesta en su contra por el delito de homicidio por omisi\u00f3n que enfrenta tras ser acusado como responsable de las muertes registradas en la pandemia, esto debido a que se le acusa de realizar un mal manejo de la emergencia sanitaria.<\/p>\n<p>En entrevista con\u00a0Guadalupe Ju\u00e1rez\u00a0y\u00a0Sergio Sarmiento,\u00a0el abogado que lleva el proceso contra L\u00f3pez-Gatell, Javier Coello Trejo, se\u00f1al\u00f3 no estar de acuerdo con el comentario del presidente al decir #TodosSomosHugo al ser cuestionado sobre la denuncia que hay en contra del funcionario de salud.<\/p>\n<p>Pese a discrepar con lo dicho por el primer mandatario, Coello Trejo, explic\u00f3 que\u00a0L\u00f3pez Obrador\u00a0puede decir lo que quiera, pues en M\u00e9xico existe la libertad de expresi\u00f3n; sin embargo, se\u00f1al\u00f3 que el mismo derecho tienen las v\u00edctimas de la pandemia de denunciar y pedir justicia.<\/p>\n<blockquote><p>\u201c\u00c9l (AMLO) puede decir lo que quiera, es libre de expresi\u00f3n, pero no respeto ni comparto su postura; los afectados tambi\u00e9n tienen derecho de denunciar y pedir justicia, no pedimos reparaci\u00f3n de da\u00f1o, queremos justicia\u201d, se\u00f1al\u00f3 el abogado.<\/p><\/blockquote>\n<p>Asimismo destac\u00f3 que existen los suficientes elementos para acusar al subsecretario de salud, pues se\u00f1al\u00f3 es claro que no cumpli\u00f3 con su obligaci\u00f3n y lo que la ley demandaba para el manejo de la pandemia.<\/p>\n<h2>\u00bfAMLO tiene responsabilidad?<\/h2>\n<p>Cuestionado si como mencion\u00f3 el presidente sobre que la denuncia se le hace una gran injusticia y en dado caso todos los integrantes del gabinete estar\u00edan en la c\u00e1rcel.<\/p>\n<p>El\u00a0abogado Coello\u00a0explic\u00f3 que el mandatario no tiene responsabilidad esto debido a que como jefe de Estado, el presidente delega atribuciones pues \u00e9l no es m\u00e9dico, ingeniero o abogado, motivo por el que da la encomienda a sus secretarios y subsecretarios.<\/p>\n<p>Querer castigar al presidente por la \u201cnegligencia\u201d de L\u00f3pez Gatell<strong>,<\/strong>\u00a0se\u00f1al\u00f3 el abogado, es como si el Ministerio P\u00fablico cometiera un error y el fiscal tambi\u00e9n sea castigado.<\/p>\n<p>Finalmente asegur\u00f3 que todo este asunto no es una campa\u00f1a de desprestigio, se se\u00f1ala al encargado de la pandemia por homicidio por omisi\u00f3n, \u201c\u00e9l deb\u00eda haber cumplido con lo que la ley ped\u00eda;\u00a0 dijo que cubrebocas no serv\u00eda cuando inici\u00f3 la pandemia, por lo que debi\u00f3 anticiparse y delinear protocolos.<\/p>\n<p>Con informaci\u00f3n de Heraldo de M\u00e9xico<\/p>\n","protected":false},"excerpt":{"rendered":"<p>El presidente Andr\u00e9s Manuel L\u00f3pez Obrador defendi\u00f3 al subsecretario de salud, Hugo L\u00f3pez-Gatell, ante la\u00a0denuncia\u00a0impuesta en su contra por el delito de homicidio por omisi\u00f3n que enfrenta tras ser acusado como responsable de las muertes registradas en la pandemia, esto debido a que se le acusa de realizar un mal manejo de la emergencia sanitaria. &hellip;<\/p>\n","protected":false},"author":6,"featured_media":15087,"comment_status":"open","ping_status":"closed","sticky":false,"template":"","format":"standard","meta":[],"categories":[39],"tags":[98,2461,711],"_links":{"self":[{"href":"https:\/\/www.elgrillitosuena.com\/inicio\/wp-json\/wp\/v2\/posts\/15086"}],"collection":[{"href":"https:\/\/www.elgrillitosuena.com\/inicio\/wp-json\/wp\/v2\/posts"}],"about":[{"href":"https:\/\/www.elgrillitosuena.com\/inicio\/wp-json\/wp\/v2\/types\/post"}],"author":[{"embeddable":true,"href":"https:\/\/www.elgrillitosuena.com\/inicio\/wp-json\/wp\/v2\/users\/6"}],"replies":[{"embeddable":true,"href":"https:\/\/www.elgrillitosuena.com\/inicio\/wp-json\/wp\/v2\/comments?post=15086"}],"version-history":[{"count":1,"href":"https:\/\/www.elgrillitosuena.com\/inicio\/wp-json\/wp\/v2\/posts\/15086\/revisions"}],"predecessor-version":[{"id":15088,"href":"https:\/\/www.elgrillitosuena.com\/inicio\/wp-json\/wp\/v2\/posts\/15086\/revisions\/15088"}],"wp:featuredmedia":[{"embeddable":true,"href":"https:\/\/www.elgrillitosuena.com\/inicio\/wp-json\/wp\/v2\/media\/15087"}],"wp:attachment":[{"href":"https:\/\/www.elgrillitosuena.com\/inicio\/wp-json\/wp\/v2\/media?parent=15086"}],"wp:term":[{"taxonomy":"category","embeddable":true,"href":"https:\/\/www.elgrillitosuena.com\/inicio\/wp-json\/wp\/v2\/categories?post=15086"},{"taxonomy":"post_tag","embeddable":true,"href":"https:\/\/www.elgrillitosuena.com\/inicio\/wp-json\/wp\/v2\/tags?post=15086"}],"curies":[{"name":"wp","href":"https:\/\/api.w.org\/{rel}","templated":true}]}}