{"id":15036,"date":"2022-02-08T15:50:00","date_gmt":"2022-02-08T15:50:00","guid":{"rendered":"https:\/\/www.elgrillitosuena.com\/inicio\/?p=15036"},"modified":"2022-02-08T15:50:00","modified_gmt":"2022-02-08T15:50:00","slug":"por-veda-electoral-apertura-del-aifa-sera-en-privado","status":"publish","type":"post","link":"https:\/\/www.elgrillitosuena.com\/inicio\/noticias\/mexico\/por-veda-electoral-apertura-del-aifa-sera-en-privado\/","title":{"rendered":"Por veda electoral, apertura del AIFA ser\u00e1 en privado"},"content":{"rendered":"<p><img decoding=\"async\" src=\"https:\/\/heraldodemexico.com.mx\/u\/fotografias\/m\/2022\/2\/7\/f960x540-475430_549505_1.jpg\" alt=\"El presidente L\u00f3pez Obrador evit\u00f3 difundir ayer en la conferencia ma\u00f1anera avances de las obras insignia de su gobierno. (Foto: Especial)\" \/><\/p>\n<p>Debido al periodo de prohibici\u00f3n de propaganda gubernamental por la\u00a0Revocaci\u00f3n de Mandato, el gobierno federal prev\u00e9 que la inauguraci\u00f3n del\u00a0Aeropuerto Internacional Felipe \u00c1ngeles\u00a0(AIFA), el 21 de marzo, sea en privado, sin transmisi\u00f3n, discursos, ni acceso a medios de comunicaci\u00f3n.<\/p>\n<p>Por instrucciones del presidente\u00a0Andr\u00e9s Manuel L\u00f3pez Obrador, ayer la administraci\u00f3n p\u00fablica federal dej\u00f3 de promocionar las obras y proyectos, principalmente se evit\u00f3 difundir en la conferencia ma\u00f1anera los avances de las obras insignia como el AIFA, el Tren Maya, la Refiner\u00eda de Dos Bocas y el Tren Trans\u00edstmico.<\/p>\n<p><img decoding=\"async\" src=\"https:\/\/heraldodemexico.com.mx\/u\/fotografias\/m\/2022\/2\/7\/f768x1-475431_475558_121.jpg\" \/><\/p>\n<p>En conferencia de prensa matutina, L\u00f3pez Obrador detall\u00f3 que arranc\u00f3 el periodo de veda por la Revocaci\u00f3n de Mandato, que deber\u00e1 concluir el pr\u00f3ximo 10 de abril con la realizaci\u00f3n de la consulta.<\/p>\n<blockquote><p>&#8220;Necesitamos preguntar qu\u00e9 puedo hacer el 21 de marzo, porque se va a inaugurar el aeropuerto, entonces puede ser que se inaugure sin que yo hable, o que no se transmita nada&#8221;, sostuvo.<\/p><\/blockquote>\n<p>El jefe del Ejecutivo Federal envi\u00f3 al Poder Judicial una solicitud para que detallen qu\u00e9 puede y qu\u00e9 no puede realizar el gobierno que encabeza durante el periodo de veda por la Revocaci\u00f3n de Mandato.<\/p>\n<p>Incluso, se\u00f1al\u00f3 que el concepto general de propaganda y todo lo que tiene que ver con el gobierno y lo que hace la administraci\u00f3n Federal, puede considerarse como en ese rubro de propaganda.<\/p>\n<blockquote><p>&#8220;Siento que deber\u00eda de acotarse lo de propaganda a la participaci\u00f3n a favor de una postura, de un partido, algo que beneficie al partido en el gobierno o que el gobierno promueva o una postura a favor como en el caso de Revocaci\u00f3n de Mandato&#8221;, indic\u00f3.<\/p><\/blockquote>\n<p>Sin embargo, como el concepto de propaganda electoral es muy general, el presidente L\u00f3pez Obrador decidi\u00f3 no transmitir el avance de las obras del Aeropuerto Internacional Felipe \u00c1ngeles, el Tren Maya, la Refiner\u00eda de Dos Bocas, el Tren Trans\u00edstmico, entre otras.<\/p>\n<blockquote><p>&#8220;Si las autoridades electorales nos dicen que no es posible, pues entonces no, pero por lo pronto aqu\u00ed est\u00e1 la Tribuna&#8221;, expuso.<\/p>\n<p>Lo que s\u00ed se inform\u00f3 al inicio de la ma\u00f1anera, como cada lunes, es la secci\u00f3n de Qui\u00e9n es Qui\u00e9n en los precios de los combustibles, as\u00ed como Qui\u00e9n es Qui\u00e9n en los precios de los productos de la canasta b\u00e1sica.<\/p><\/blockquote>\n<p>Con informaci\u00f3n de Heraldo de M\u00e9xico<\/p>\n","protected":false},"excerpt":{"rendered":"<p>Debido al periodo de prohibici\u00f3n de propaganda gubernamental por la\u00a0Revocaci\u00f3n de Mandato, el gobierno federal prev\u00e9 que la inauguraci\u00f3n del\u00a0Aeropuerto Internacional Felipe \u00c1ngeles\u00a0(AIFA), el 21 de marzo, sea en privado, sin transmisi\u00f3n, discursos, ni acceso a medios de comunicaci\u00f3n. Por instrucciones del presidente\u00a0Andr\u00e9s Manuel L\u00f3pez Obrador, ayer la administraci\u00f3n p\u00fablica federal dej\u00f3 de promocionar las &hellip;<\/p>\n","protected":false},"author":6,"featured_media":15037,"comment_status":"open","ping_status":"closed","sticky":false,"template":"","format":"standard","meta":[],"categories":[39],"tags":[3512,98,3975],"_links":{"self":[{"href":"https:\/\/www.elgrillitosuena.com\/inicio\/wp-json\/wp\/v2\/posts\/15036"}],"collection":[{"href":"https:\/\/www.elgrillitosuena.com\/inicio\/wp-json\/wp\/v2\/posts"}],"about":[{"href":"https:\/\/www.elgrillitosuena.com\/inicio\/wp-json\/wp\/v2\/types\/post"}],"author":[{"embeddable":true,"href":"https:\/\/www.elgrillitosuena.com\/inicio\/wp-json\/wp\/v2\/users\/6"}],"replies":[{"embeddable":true,"href":"https:\/\/www.elgrillitosuena.com\/inicio\/wp-json\/wp\/v2\/comments?post=15036"}],"version-history":[{"count":1,"href":"https:\/\/www.elgrillitosuena.com\/inicio\/wp-json\/wp\/v2\/posts\/15036\/revisions"}],"predecessor-version":[{"id":15038,"href":"https:\/\/www.elgrillitosuena.com\/inicio\/wp-json\/wp\/v2\/posts\/15036\/revisions\/15038"}],"wp:featuredmedia":[{"embeddable":true,"href":"https:\/\/www.elgrillitosuena.com\/inicio\/wp-json\/wp\/v2\/media\/15037"}],"wp:attachment":[{"href":"https:\/\/www.elgrillitosuena.com\/inicio\/wp-json\/wp\/v2\/media?parent=15036"}],"wp:term":[{"taxonomy":"category","embeddable":true,"href":"https:\/\/www.elgrillitosuena.com\/inicio\/wp-json\/wp\/v2\/categories?post=15036"},{"taxonomy":"post_tag","embeddable":true,"href":"https:\/\/www.elgrillitosuena.com\/inicio\/wp-json\/wp\/v2\/tags?post=15036"}],"curies":[{"name":"wp","href":"https:\/\/api.w.org\/{rel}","templated":true}]}}