{"id":15033,"date":"2022-02-08T15:44:52","date_gmt":"2022-02-08T15:44:52","guid":{"rendered":"https:\/\/www.elgrillitosuena.com\/inicio\/?p=15033"},"modified":"2022-02-08T15:44:52","modified_gmt":"2022-02-08T15:44:52","slug":"no-hubo-experimento-de-cdmx-con-ivermectina-lopez-gatell","status":"publish","type":"post","link":"https:\/\/www.elgrillitosuena.com\/inicio\/noticias\/mexico\/no-hubo-experimento-de-cdmx-con-ivermectina-lopez-gatell\/","title":{"rendered":"No hubo experimento de CDMX con Ivermectina: L\u00f3pez-Gatell"},"content":{"rendered":"<p><img decoding=\"async\" src=\"https:\/\/cdn2.excelsior.com.mx\/media\/styles\/image800x600\/public\/pictures\/2022\/02\/08\/2710972.jpg\" \/><\/p>\n<p>En medio de la discusi\u00f3n sobre la distribuci\u00f3n que el Gobierno de la Ciudad de M\u00e9xico hizo de\u00a0Ivermectina para tratar el covid-19, el subsecretario de Salud, Hugo L\u00f3pez-Gatell, asegur\u00f3 que no hubo ning\u00fan experimento y que la entrega fue suspendida a los pocos d\u00edas tras recomendaci\u00f3n.<\/p>\n<p>El funcionario federal explic\u00f3 que en la Gu\u00eda Cl\u00ednica Federal para el tratamiento de covid-19, de septiembre de 2021, se recomend\u00f3 no suministrar Ivermectina a pacientes debido a la falta de evidencia como tratamiento para tratar este virus.<\/p>\n<blockquote><p>Recomendamos no utilizar Ivermectina, porque hab\u00eda que no hab\u00eda muestras de utilidad suficientes, al igual que otros medicamentos. La Ciudad de M\u00e9xico consistentemente dej\u00f3 de usarlo (tras recomendaci\u00f3n).<\/p><\/blockquote>\n<p>\u201cNosotros lo tenemos muy claro, la Ciudad de M\u00e9xico no condujo ning\u00fan experimento, ni en su momento el Instituto Mexicano del Seguro Social\u201d, coment\u00f3.<\/p>\n<p>Si bien el subsecretario de Salud\u00a0reconoci\u00f3 que se entreg\u00f3 el medicamento desparasitante, destac\u00f3 el trabajo del gobierno capitalino para hacer frente a la pandemia al garantizar la seguridad social, por ejemplo.<\/p>\n<p>Adem\u00e1s indic\u00f3 que es el estado con mayor amplitud en los programas para la atenci\u00f3n de SARS-CoV-2 y que fue pionero en la entrega de kits a pacientes.<\/p>\n<p>\u201cLa CDMX ha hecho las aclaraciones pertinentes. Una de las cosas m\u00e1s importantes a tener claro es: no hubo ning\u00fan experimento. Vemos en la capital como uno de los ejemplos m\u00e1s virtuosos en el manejo de la pandemia\u201d, mencion\u00f3.<\/p>\n<p>L\u00f3pez-Gatell adem\u00e1s aclar\u00f3 que la Ivermectina se usa en distintas campa\u00f1as de salud p\u00fablica y su toxicidad es baja en las dosis adecuadas.<\/p>\n<p>Con informaci\u00f3n de Excelsior<\/p>\n","protected":false},"excerpt":{"rendered":"<p>En medio de la discusi\u00f3n sobre la distribuci\u00f3n que el Gobierno de la Ciudad de M\u00e9xico hizo de\u00a0Ivermectina para tratar el covid-19, el subsecretario de Salud, Hugo L\u00f3pez-Gatell, asegur\u00f3 que no hubo ning\u00fan experimento y que la entrega fue suspendida a los pocos d\u00edas tras recomendaci\u00f3n. El funcionario federal explic\u00f3 que en la Gu\u00eda Cl\u00ednica &hellip;<\/p>\n","protected":false},"author":6,"featured_media":15034,"comment_status":"open","ping_status":"closed","sticky":false,"template":"","format":"standard","meta":[],"categories":[39],"tags":[165,711,4123],"_links":{"self":[{"href":"https:\/\/www.elgrillitosuena.com\/inicio\/wp-json\/wp\/v2\/posts\/15033"}],"collection":[{"href":"https:\/\/www.elgrillitosuena.com\/inicio\/wp-json\/wp\/v2\/posts"}],"about":[{"href":"https:\/\/www.elgrillitosuena.com\/inicio\/wp-json\/wp\/v2\/types\/post"}],"author":[{"embeddable":true,"href":"https:\/\/www.elgrillitosuena.com\/inicio\/wp-json\/wp\/v2\/users\/6"}],"replies":[{"embeddable":true,"href":"https:\/\/www.elgrillitosuena.com\/inicio\/wp-json\/wp\/v2\/comments?post=15033"}],"version-history":[{"count":1,"href":"https:\/\/www.elgrillitosuena.com\/inicio\/wp-json\/wp\/v2\/posts\/15033\/revisions"}],"predecessor-version":[{"id":15035,"href":"https:\/\/www.elgrillitosuena.com\/inicio\/wp-json\/wp\/v2\/posts\/15033\/revisions\/15035"}],"wp:featuredmedia":[{"embeddable":true,"href":"https:\/\/www.elgrillitosuena.com\/inicio\/wp-json\/wp\/v2\/media\/15034"}],"wp:attachment":[{"href":"https:\/\/www.elgrillitosuena.com\/inicio\/wp-json\/wp\/v2\/media?parent=15033"}],"wp:term":[{"taxonomy":"category","embeddable":true,"href":"https:\/\/www.elgrillitosuena.com\/inicio\/wp-json\/wp\/v2\/categories?post=15033"},{"taxonomy":"post_tag","embeddable":true,"href":"https:\/\/www.elgrillitosuena.com\/inicio\/wp-json\/wp\/v2\/tags?post=15033"}],"curies":[{"name":"wp","href":"https:\/\/api.w.org\/{rel}","templated":true}]}}