{"id":14925,"date":"2022-02-03T15:35:20","date_gmt":"2022-02-03T15:35:20","guid":{"rendered":"https:\/\/www.elgrillitosuena.com\/inicio\/?p=14925"},"modified":"2022-02-03T15:35:20","modified_gmt":"2022-02-03T15:35:20","slug":"amlo-anuncia-el-dia-en-que-se-llevara-a-cabo-la-jornada-de-revocacion-de-mandato","status":"publish","type":"post","link":"https:\/\/www.elgrillitosuena.com\/inicio\/noticias\/mexico\/amlo-anuncia-el-dia-en-que-se-llevara-a-cabo-la-jornada-de-revocacion-de-mandato\/","title":{"rendered":"AMLO anuncia el d\u00eda en que se llevar\u00e1 a cabo la jornada de revocaci\u00f3n de mandato"},"content":{"rendered":"<p><img decoding=\"async\" src=\"https:\/\/heraldodemexico.com.mx\/u\/fotografias\/m\/2022\/2\/3\/f960x540-473808_547883_0.jpg\" alt=\"AMLO dio fecha a la consulta de revocaci\u00f3n de mandato. Foto: Presidencia\" \/><\/p>\n<p>El presidente\u00a0Andr\u00e9s Manuel L\u00f3pez Obrador\u00a0anunci\u00f3 en\u00a0la Ma\u00f1anera\u00a0el d\u00eda en que se llevar\u00e1 a cabo la jornada de la revocaci\u00f3n de mandato, donde la poblaci\u00f3n decidir\u00e1 si el mandatario contin\u00faa o tiene que dejar su cargo por su desempe\u00f1o en la mitad de su sexenio que inici\u00f3 en 2018.<\/p>\n<p>En la conferencia de prensa llevada a cabo en el estado de Hidalgo, L\u00f3pez Obrador inform\u00f3 que ser\u00e1\u00a0<strong>el pr\u00f3ximo domingo 10 de abril<\/strong>\u00a0cuando se lleve a cabo la consulta de la revocaci\u00f3n de mandato. \u201cNo creo que haya ya ning\u00fan problema\u201d, asegur\u00f3 el jefe del Ejecutivo.<\/p>\n<p>Agreg\u00f3 que la revocaci\u00f3n es un hecho y una orden constitucional por lo que dijo, no debe haber duda sobre su realizaci\u00f3n.<\/p>\n<p>\u201cLa revocaci\u00f3n es ya un hecho, se va a llevar a cabo, que no haya duda sobre eso.\u00a0No se puede violar la Constituci\u00f3n, se est\u00e1 esperando la convocatoria, aunque\u00a0ser\u00e1 el d\u00eda 10 de abril,\u00a0donde se va a preguntar a todo el pueblo,\u00a0\u00bfQuieres que contin\u00fae el presidente o que renuncie?, en eso consiste la revocaci\u00f3n de mandato\u201d, afirm\u00f3 el mandatario.<\/p>\n<p>Ser\u00e1 cada tres a\u00f1os cuando de acuerdo con la reforma constitucional, la autoridad deba realizar la consulta, se\u00f1al\u00f3 el jefe del Ejecutivo quien dijo que \u201dsi se cumplen con los requisitos como un porcentaje de firmas, la\u00a0autoridad est\u00e1 obligada a consultar al pueblo\u201d.<\/p>\n<h2>El pedido de AMLO a la gente durante la revocaci\u00f3n<\/h2>\n<p>El mi\u00e9rcoles, Andr\u00e9s Manuel L\u00f3pez Obrador\u00a0hizo un\u00a0pedido a la poblaci\u00f3n\u00a0para que cuando acudan a\u00a0emitir su sufragio\u00a0para decidir\u00a0si el presidente contin\u00faa o no en su cargo,\u00a0vayan bien informados\u00a0y\u00a0conozcan la respuesta que emitir\u00e1n.<\/p>\n<p>Indic\u00f3 en broma, que la gente debe\u00a0buscar un buen traductor,\u00a0&#8220;porque eso se tiene que ver con los expertos, para que\u00a0no se vayan a equivocar\u00a0al momento de ir a votar y que ayuden porque es muy sencillo,\u00a0deber\u00eda ser S\u00ed o No, pero hasta ahora no creo que sepan\u201d, dijo AMLO.<\/p>\n<p><img decoding=\"async\" src=\"https:\/\/heraldodemexico.com.mx\/u\/fotografias\/m\/2022\/2\/3\/f768x1-473815_473942_0.png\" alt=\"revocacion\" \/><\/p>\n<p>Lo anterior lo expres\u00f3 L\u00f3pez Obrador\u00a0ante la decisi\u00f3n de la\u00a0Suprema Corte de Justicia de la Naci\u00f3n\u00a0(SCJN) de no modificar la pregunta de la revocaci\u00f3n de mandato, la cual el jefe del Ejecutivo calific\u00f3 como\u00a0confusa\u00a0y\u00a0complicada, la gente debe saber c\u00f3mo votar, asegur\u00f3, por lo que dese\u00f3 que las autoridades electorales realicen una campa\u00f1a informativa si es que no se modifica la pregunta.<\/p>\n<p>Con informaci\u00f3n de Heraldo de M\u00e9xico<\/p>\n","protected":false},"excerpt":{"rendered":"<p>El presidente\u00a0Andr\u00e9s Manuel L\u00f3pez Obrador\u00a0anunci\u00f3 en\u00a0la Ma\u00f1anera\u00a0el d\u00eda en que se llevar\u00e1 a cabo la jornada de la revocaci\u00f3n de mandato, donde la poblaci\u00f3n decidir\u00e1 si el mandatario contin\u00faa o tiene que dejar su cargo por su desempe\u00f1o en la mitad de su sexenio que inici\u00f3 en 2018. En la conferencia de prensa llevada a &hellip;<\/p>\n","protected":false},"author":6,"featured_media":14926,"comment_status":"open","ping_status":"closed","sticky":false,"template":"","format":"standard","meta":[],"categories":[39],"tags":[4098,98,2515],"_links":{"self":[{"href":"https:\/\/www.elgrillitosuena.com\/inicio\/wp-json\/wp\/v2\/posts\/14925"}],"collection":[{"href":"https:\/\/www.elgrillitosuena.com\/inicio\/wp-json\/wp\/v2\/posts"}],"about":[{"href":"https:\/\/www.elgrillitosuena.com\/inicio\/wp-json\/wp\/v2\/types\/post"}],"author":[{"embeddable":true,"href":"https:\/\/www.elgrillitosuena.com\/inicio\/wp-json\/wp\/v2\/users\/6"}],"replies":[{"embeddable":true,"href":"https:\/\/www.elgrillitosuena.com\/inicio\/wp-json\/wp\/v2\/comments?post=14925"}],"version-history":[{"count":1,"href":"https:\/\/www.elgrillitosuena.com\/inicio\/wp-json\/wp\/v2\/posts\/14925\/revisions"}],"predecessor-version":[{"id":14927,"href":"https:\/\/www.elgrillitosuena.com\/inicio\/wp-json\/wp\/v2\/posts\/14925\/revisions\/14927"}],"wp:featuredmedia":[{"embeddable":true,"href":"https:\/\/www.elgrillitosuena.com\/inicio\/wp-json\/wp\/v2\/media\/14926"}],"wp:attachment":[{"href":"https:\/\/www.elgrillitosuena.com\/inicio\/wp-json\/wp\/v2\/media?parent=14925"}],"wp:term":[{"taxonomy":"category","embeddable":true,"href":"https:\/\/www.elgrillitosuena.com\/inicio\/wp-json\/wp\/v2\/categories?post=14925"},{"taxonomy":"post_tag","embeddable":true,"href":"https:\/\/www.elgrillitosuena.com\/inicio\/wp-json\/wp\/v2\/tags?post=14925"}],"curies":[{"name":"wp","href":"https:\/\/api.w.org\/{rel}","templated":true}]}}