{"id":14862,"date":"2022-02-02T15:48:11","date_gmt":"2022-02-02T15:48:11","guid":{"rendered":"https:\/\/www.elgrillitosuena.com\/inicio\/?p=14862"},"modified":"2022-02-02T15:48:11","modified_gmt":"2022-02-02T15:48:11","slug":"michoacan-no-se-pacificara-en-15-minutos-asegura-ramirez-bedolla","status":"publish","type":"post","link":"https:\/\/www.elgrillitosuena.com\/inicio\/noticias\/michoacan\/michoacan-no-se-pacificara-en-15-minutos-asegura-ramirez-bedolla\/","title":{"rendered":"Michoac\u00e1n no se pacificar\u00e1 en 15 minutos, asegura Ram\u00edrez Bedolla"},"content":{"rendered":"<p><img decoding=\"async\" src=\"https:\/\/www.michoacan.gob.mx\/wp-content\/uploads\/2021\/10\/gobernador-1-scaled.jpg\" alt=\"Gobierno del Estado de Michoac\u00e1n | Mensaje de Alfredo Ram\u00edrez Bedolla al  gabinete\" \/><\/p>\n<p>El gobernador de Michoac\u00e1n, Alfredo Ram\u00edrez Bedolla, advirti\u00f3 que se requiere paciencia y tiempo para la pacificaci\u00f3n del estado;\u00a0\u201cquiz\u00e1 nos lleve los seis a\u00f1os de gobierno\u201d, pues no es un asunto que pueda resolverse en el corto plazo.<\/p>\n<p>\u201cEsto no es tema de 15 minutos, no se resuelve en un mes\u00a0o en seis meses, tenemos esta situaci\u00f3n en el pa\u00eds, en Michoac\u00e1n, desde hace 20 a\u00f1os por lo menos. Requerimos tiempo, paciencia, participaci\u00f3n ciudadana tambi\u00e9n\u201d,\u00a0pues, dijo, hay problemas a escala social y no es sencillo arreglarlos.<\/p>\n<p>\u201cY nos va a llevar tiempo, no es tema de que en 15 d\u00edas o tres meses est\u00e9, nos va a llevar tiempo, quiz\u00e1 nos lleve los seis a\u00f1os, pero cuenten con que el gobierno de Michoac\u00e1n va a hacer todo para tener paz en el estado\u201d.<\/p>\n<p>Ram\u00edrez Bedolla tambi\u00e9n dijo que el crimen organizado azuza a pobladores para enfrentar a las autoridades, al referirse a uno de los dos episodios registrados el fin de semana en Michoac\u00e1n y se\u00f1al\u00f3 que con la llegada de las fuerzas federales han logrado recuperar diversas zonas de la entidad en favor de los pobladores y el comercio local.<\/p>\n<p>Asimismo, descart\u00f3 que los empresarios aguacateros tengan contratiempos en su producci\u00f3n a causa del crimen organizado y admiti\u00f3 que parte de la dificultad del abasto de lim\u00f3n se debe a los conflictos que en meses pasados se han registrado entre grupos criminales alrededor de Tepalcatepec.<\/p>\n<p>El mandatario destac\u00f3 que los militares lograron recuperar el tr\u00e1nsito en la carretera entre Tepalcatepec y Coalcom\u00e1n, as\u00ed como entre Apatzing\u00e1n y Aguililla. \u201cYa tenemos en liberada la carretera de Tepalcatepec a Coalcom\u00e1n.<\/p>\n<p>Cuando entr\u00e9 de gobernador, el 1 de octubre, estaba cerrada la carretera en m\u00e1s de 17 puntos, pero ya tenemos tr\u00e1nsito pac\u00edfico y constante entre Apatzing\u00e1n y Tepalcatepec; as\u00ed como de Tepalcatepec a Coalcom\u00e1n\u201d, explic\u00f3.<\/p>\n<p>De igual manera, agradeci\u00f3 el respaldo del gobierno federal en materia de seguridad, pues sin la llegada de los militares y de la Guardia Nacional se hubiera retrasado la recuperaci\u00f3n de espacios p\u00fablicos en la entidad: \u201cYo agradezco mucho al Ej\u00e9rcito mexicano y a las fuerzas federales que lograron restablecer la circulaci\u00f3n y el tr\u00e1nsito en la carretera.<\/p>\n<p>Por otra parte, Ram\u00edrez Bedolla detall\u00f3 que el ataque contra Roberto Toledo est\u00e1 relacionado con su trabajo en un despacho legal, pero se\u00f1al\u00f3 que si se demuestra que el ataque tiene que ver con la labor period\u00edstica, los trabajadores de Monitor Michoac\u00e1n podr\u00e1n tener protecci\u00f3n.<\/p>\n<p>\u201cHay que decirlo, las amenazas fueron contra este despacho de abogados y tambi\u00e9n realizaba algunas colaboraciones en alg\u00fan medio electr\u00f3nico (\u2026) Todo apunta a que las l\u00edneas de investigaci\u00f3n tienen que ver m\u00e1s bien con su car\u00e1cter de asistente de auxiliar en un despacho legal\u201d, se\u00f1al\u00f3 el mandatario estatal.<\/p>\n<p>Sobre el intento de bloquear las v\u00edas del tren en una comunidad de Uruapan por parte de maestros disidentes de la CNTE, Ram\u00edrez Bedolla asegur\u00f3 que por parte de las fuerzas de seguridad no se realiz\u00f3 ninguna agresi\u00f3n; sin embargo, por parte de los docentes s\u00ed se cometieron actos violentos que dejaron un saldo de seis polic\u00edas estatales lesionados.<\/p>\n<p>Adem\u00e1s, subray\u00f3 que no existe ning\u00fan motivo por el que los maestros de la entidad deban estar insatisfechos con sus condiciones laborales, ya que no se deben salarios y se resarcieron todos los atrasos que se heredaron de la administraci\u00f3n de Silvano Aureoles.<\/p>\n<p>\u201cNuestro gobierno ha estado pagando puntualmente las quincenas, los bonos; dimos las plazas a los normalistas en diciembre. La mesa estar\u00e1 puesta para este dialogo permanente con ellos, as\u00ed como con otros sectores de la sociedad\u201d.<\/p>\n<p>Con informaci\u00f3n de Milenio Noticias<\/p>\n","protected":false},"excerpt":{"rendered":"<p>El gobernador de Michoac\u00e1n, Alfredo Ram\u00edrez Bedolla, advirti\u00f3 que se requiere paciencia y tiempo para la pacificaci\u00f3n del estado;\u00a0\u201cquiz\u00e1 nos lleve los seis a\u00f1os de gobierno\u201d, pues no es un asunto que pueda resolverse en el corto plazo. \u201cEsto no es tema de 15 minutos, no se resuelve en un mes\u00a0o en seis meses, tenemos &hellip;<\/p>\n","protected":false},"author":6,"featured_media":14863,"comment_status":"open","ping_status":"closed","sticky":false,"template":"","format":"standard","meta":[],"categories":[38],"tags":[1644,56,494,1020],"_links":{"self":[{"href":"https:\/\/www.elgrillitosuena.com\/inicio\/wp-json\/wp\/v2\/posts\/14862"}],"collection":[{"href":"https:\/\/www.elgrillitosuena.com\/inicio\/wp-json\/wp\/v2\/posts"}],"about":[{"href":"https:\/\/www.elgrillitosuena.com\/inicio\/wp-json\/wp\/v2\/types\/post"}],"author":[{"embeddable":true,"href":"https:\/\/www.elgrillitosuena.com\/inicio\/wp-json\/wp\/v2\/users\/6"}],"replies":[{"embeddable":true,"href":"https:\/\/www.elgrillitosuena.com\/inicio\/wp-json\/wp\/v2\/comments?post=14862"}],"version-history":[{"count":1,"href":"https:\/\/www.elgrillitosuena.com\/inicio\/wp-json\/wp\/v2\/posts\/14862\/revisions"}],"predecessor-version":[{"id":14864,"href":"https:\/\/www.elgrillitosuena.com\/inicio\/wp-json\/wp\/v2\/posts\/14862\/revisions\/14864"}],"wp:featuredmedia":[{"embeddable":true,"href":"https:\/\/www.elgrillitosuena.com\/inicio\/wp-json\/wp\/v2\/media\/14863"}],"wp:attachment":[{"href":"https:\/\/www.elgrillitosuena.com\/inicio\/wp-json\/wp\/v2\/media?parent=14862"}],"wp:term":[{"taxonomy":"category","embeddable":true,"href":"https:\/\/www.elgrillitosuena.com\/inicio\/wp-json\/wp\/v2\/categories?post=14862"},{"taxonomy":"post_tag","embeddable":true,"href":"https:\/\/www.elgrillitosuena.com\/inicio\/wp-json\/wp\/v2\/tags?post=14862"}],"curies":[{"name":"wp","href":"https:\/\/api.w.org\/{rel}","templated":true}]}}