{"id":14859,"date":"2022-02-02T15:42:29","date_gmt":"2022-02-02T15:42:29","guid":{"rendered":"https:\/\/www.elgrillitosuena.com\/inicio\/?p=14859"},"modified":"2022-02-02T15:42:29","modified_gmt":"2022-02-02T15:42:29","slug":"amlo-defiende-a-lopez-gatell-estrategia-contra-covid-fue-acertada-dice","status":"publish","type":"post","link":"https:\/\/www.elgrillitosuena.com\/inicio\/noticias\/mexico\/amlo-defiende-a-lopez-gatell-estrategia-contra-covid-fue-acertada-dice\/","title":{"rendered":"AMLO defiende a L\u00f3pez-Gatell: \u201cEstrategia contra COVID fue acertada\u201d, dice"},"content":{"rendered":"<p><img decoding=\"async\" src=\"https:\/\/www.radioformula.com.mx\/u\/fotografias\/m\/2022\/2\/2\/f960x540-318352_392427_15.jpeg\" alt=\"Hugo L\u00f3pez-Gatell, subsecretario de Salud, fue denunciado por su papel al frente del manejo de la pandemia de COVID-19\" \/><\/p>\n<p>Ante la\u00a0denuncia\u00a0contra\u00a0Hugo L\u00f3pez-Gatell, subsecretario de Prevenci\u00f3n y Promoci\u00f3n de la Salud, por su papel al frente del manejo de la pandemia de COVID-19, el presidente Andr\u00e9s Manuel L\u00f3pez Obrador sostuvo que la estrategia fue acertada.<\/p>\n<p>\u201cConsidero que la estrategia que se llev\u00f3 a cabo para enfrentar el grave problema de la pandemia fue\u00a0acertada y salv\u00f3 muchas vidas\u201d, reiter\u00f3 en la \u2018ma\u00f1anera\u2019.<\/p>\n<p>En ese sentido destac\u00f3 su\u00a0capacidad intelectual y expositiva porque, consider\u00f3,\u00a0lo fundamental es la comunicaci\u00f3n.<\/p>\n<p>&#8220;La molestia de los adversarios es que quer\u00edan agarrar un pollito y les sali\u00f3 gallo&#8221;, apunt\u00f3 L\u00f3pez Obrador.<\/p>\n<p>Asimismo, al ser cuestionado sobre si asumir\u00eda responsabilidad por las acciones del Gobierno frente al COVID apunt\u00f3 que \u201cpuede ser que no sea culpable, pero soy responsable. S\u00ed soy responsable, nada m\u00e1s que tengo mi consciencia tranquila\u201d.<\/p>\n<p>A\u00f1adi\u00f3 que todas y todos los funcionarios y profesionales al frente de la pandemia deber\u00edan de recibir un reconocimiento p\u00fablico.<\/p>\n<p>Hasta el lunes ya se hab\u00edan sumado m\u00e1s de 2 mil 500 correos en donde la gente se sumaba a la denuncia, y otros m\u00e1s presentaban sus casos, en contra de L\u00f3pez-Gatell por su manejo en la pandemia del COVID-19.<\/p>\n<p>&#8220;Hemos recibido hasta ayer (lunes) a las 11 m\u00e1s de 2 mil 500 mails en donde la gente se suma a la denuncia y otros presentan su caso. Estamos recibiendo los datos de cada caso y presentaremos denuncia caso por caso&#8221;, indic\u00f3 el litigante en entrevista con\u00a0<em>Ciro G\u00f3mez Leyva.<\/em><\/p>\n<p>Sin embargo, refiri\u00f3 que no se presentar\u00e1n las m\u00e1s de 2 mil denuncias porque muchos correos eran s\u00f3lo para sumarse a la causa; adem\u00e1s de que s\u00f3lo existen demandas colectivas, pero no denuncias.<\/p>\n<p>Aunque subray\u00f3 que \u00e9l y su despacho tratar\u00e1n de cubrir la mayor\u00eda de los casos por lo que trabajan hasta la 1 de la ma\u00f1ana porque &#8220;el chiste es que en este pa\u00eds se termine la impunidad&#8221;.<\/p>\n<p>Con informaci\u00f3n de Radio F\u00f3rmula<\/p>\n","protected":false},"excerpt":{"rendered":"<p>Ante la\u00a0denuncia\u00a0contra\u00a0Hugo L\u00f3pez-Gatell, subsecretario de Prevenci\u00f3n y Promoci\u00f3n de la Salud, por su papel al frente del manejo de la pandemia de COVID-19, el presidente Andr\u00e9s Manuel L\u00f3pez Obrador sostuvo que la estrategia fue acertada. \u201cConsidero que la estrategia que se llev\u00f3 a cabo para enfrentar el grave problema de la pandemia fue\u00a0acertada y salv\u00f3 &hellip;<\/p>\n","protected":false},"author":6,"featured_media":14860,"comment_status":"open","ping_status":"closed","sticky":false,"template":"","format":"standard","meta":[],"categories":[39],"tags":[98,2461,711],"_links":{"self":[{"href":"https:\/\/www.elgrillitosuena.com\/inicio\/wp-json\/wp\/v2\/posts\/14859"}],"collection":[{"href":"https:\/\/www.elgrillitosuena.com\/inicio\/wp-json\/wp\/v2\/posts"}],"about":[{"href":"https:\/\/www.elgrillitosuena.com\/inicio\/wp-json\/wp\/v2\/types\/post"}],"author":[{"embeddable":true,"href":"https:\/\/www.elgrillitosuena.com\/inicio\/wp-json\/wp\/v2\/users\/6"}],"replies":[{"embeddable":true,"href":"https:\/\/www.elgrillitosuena.com\/inicio\/wp-json\/wp\/v2\/comments?post=14859"}],"version-history":[{"count":1,"href":"https:\/\/www.elgrillitosuena.com\/inicio\/wp-json\/wp\/v2\/posts\/14859\/revisions"}],"predecessor-version":[{"id":14861,"href":"https:\/\/www.elgrillitosuena.com\/inicio\/wp-json\/wp\/v2\/posts\/14859\/revisions\/14861"}],"wp:featuredmedia":[{"embeddable":true,"href":"https:\/\/www.elgrillitosuena.com\/inicio\/wp-json\/wp\/v2\/media\/14860"}],"wp:attachment":[{"href":"https:\/\/www.elgrillitosuena.com\/inicio\/wp-json\/wp\/v2\/media?parent=14859"}],"wp:term":[{"taxonomy":"category","embeddable":true,"href":"https:\/\/www.elgrillitosuena.com\/inicio\/wp-json\/wp\/v2\/categories?post=14859"},{"taxonomy":"post_tag","embeddable":true,"href":"https:\/\/www.elgrillitosuena.com\/inicio\/wp-json\/wp\/v2\/tags?post=14859"}],"curies":[{"name":"wp","href":"https:\/\/api.w.org\/{rel}","templated":true}]}}