{"id":14856,"date":"2022-02-02T15:36:15","date_gmt":"2022-02-02T15:36:15","guid":{"rendered":"https:\/\/www.elgrillitosuena.com\/inicio\/?p=14856"},"modified":"2022-02-02T15:36:15","modified_gmt":"2022-02-02T15:36:15","slug":"no-hay-recesion-lopez-obrador-tras-2-trimestres-sin-crecimiento","status":"publish","type":"post","link":"https:\/\/www.elgrillitosuena.com\/inicio\/noticias\/mexico\/no-hay-recesion-lopez-obrador-tras-2-trimestres-sin-crecimiento\/","title":{"rendered":"No hay recesi\u00f3n: L\u00f3pez Obrador tras 2 trimestres sin crecimiento"},"content":{"rendered":"<p><img decoding=\"async\" src=\"https:\/\/cdn2.excelsior.com.mx\/media\/styles\/image800x600\/public\/pictures\/2022\/02\/02\/2708226.jpg\" \/><\/p>\n<p>El presidente Andr\u00e9s Manuel L\u00f3pez Obrador rechaz\u00f3 que haya una recesi\u00f3n en el pa\u00eds, e pesar de que en los \u00faltimos dos trimestres la econom\u00eda ha tenido retrocesos y con lo cual se habla de una \u201crecesi\u00f3n t\u00e9cnica\u201d.<\/p>\n<p>En conferencia en Palacio Nacional, el mandatario reconoci\u00f3 que el \u00faltimo trimestre report\u00f3 un retroceso de 0.1 por ciento y el anterior de 0.4 por ciento; no obstante, afirm\u00f3 que hubo un\u00a0crecimiento de 5 por ciento anual.<\/p>\n<blockquote><p>\u00cdbamos creciendo y se nos vino lo de la nueva variante; sin embargo, el crecimiento del a\u00f1o pasado fue de 5 por ciento\u201d, coment\u00f3 al pronosticar un crecimiento de 5 por ciento para este a\u00f1o, as\u00ed como para el 2023 y 2024.<\/p><\/blockquote>\n<p>L\u00f3pez Obrador expres\u00f3 que en un gobierno como el que encabeza el crecimiento no es lo \u00fanico importante, tambi\u00e9n el bienestar, ya que no se trata s\u00f3lo de una acumulaci\u00f3n de la riqueza, sino de una distribuci\u00f3n de \u00e9sta.<\/p>\n<p>El titular del Ejecutivo federal sostuvo que si bien tal vez por el covid-19 se ha frenado el crecimiento econ\u00f3mico del pa\u00eds, ahora hay m\u00e1s apoyos para las personas m\u00e1s vulnerables.<\/p>\n<p>\u201cAhora, para los adversarios, puede ser que por el covid-19 haya menos crecimiento, pero hay m\u00e1s igualdad, ahora le llega m\u00e1s a los pobres que antes,\u00a0estamos viviendo en un pa\u00eds menos desigualdadque cuando se aplicaba la pol\u00edtica neoliberal, pero adem\u00e1s estamos creciendo\u201d, dijo.<\/p>\n<p>De acuerdo con L\u00f3pez Obrador, el pa\u00eds comienza a salir de la crisis provocada por la pandemia de covid-19, ya que los \u00faltimos datos de las autoridades sanitarias revelan una disminuci\u00f3n de contagios.<\/p>\n<blockquote><p>Vamos saliendo de la crisis, tenemos indicadores de que la nueva variante de covid-19 est\u00e1 perdiendo fuerza, porque eso fue lo que nos impidi\u00f3 llegar al 6 por ciento de crecimiento, entre otros factores, pero eso nos detuvo, y por eso el promedio, el estimado es del 5 por ciento de crecimiento anual\u201d, coment\u00f3.<\/p><\/blockquote>\n<p>El mandatario agreg\u00f3 adem\u00e1s que s\u00f3lo en enero\u00a0se crearon 142 mil empleos, una de las mejores cifras respecto al mismo periodo de a\u00f1os anteriores.<\/p>\n<p>Con informaci\u00f3n de Exc\u00e9lsior<\/p>\n","protected":false},"excerpt":{"rendered":"<p>El presidente Andr\u00e9s Manuel L\u00f3pez Obrador rechaz\u00f3 que haya una recesi\u00f3n en el pa\u00eds, e pesar de que en los \u00faltimos dos trimestres la econom\u00eda ha tenido retrocesos y con lo cual se habla de una \u201crecesi\u00f3n t\u00e9cnica\u201d. En conferencia en Palacio Nacional, el mandatario reconoci\u00f3 que el \u00faltimo trimestre report\u00f3 un retroceso de 0.1 &hellip;<\/p>\n","protected":false},"author":6,"featured_media":14857,"comment_status":"open","ping_status":"closed","sticky":false,"template":"","format":"standard","meta":[],"categories":[39],"tags":[98,4084],"_links":{"self":[{"href":"https:\/\/www.elgrillitosuena.com\/inicio\/wp-json\/wp\/v2\/posts\/14856"}],"collection":[{"href":"https:\/\/www.elgrillitosuena.com\/inicio\/wp-json\/wp\/v2\/posts"}],"about":[{"href":"https:\/\/www.elgrillitosuena.com\/inicio\/wp-json\/wp\/v2\/types\/post"}],"author":[{"embeddable":true,"href":"https:\/\/www.elgrillitosuena.com\/inicio\/wp-json\/wp\/v2\/users\/6"}],"replies":[{"embeddable":true,"href":"https:\/\/www.elgrillitosuena.com\/inicio\/wp-json\/wp\/v2\/comments?post=14856"}],"version-history":[{"count":1,"href":"https:\/\/www.elgrillitosuena.com\/inicio\/wp-json\/wp\/v2\/posts\/14856\/revisions"}],"predecessor-version":[{"id":14858,"href":"https:\/\/www.elgrillitosuena.com\/inicio\/wp-json\/wp\/v2\/posts\/14856\/revisions\/14858"}],"wp:featuredmedia":[{"embeddable":true,"href":"https:\/\/www.elgrillitosuena.com\/inicio\/wp-json\/wp\/v2\/media\/14857"}],"wp:attachment":[{"href":"https:\/\/www.elgrillitosuena.com\/inicio\/wp-json\/wp\/v2\/media?parent=14856"}],"wp:term":[{"taxonomy":"category","embeddable":true,"href":"https:\/\/www.elgrillitosuena.com\/inicio\/wp-json\/wp\/v2\/categories?post=14856"},{"taxonomy":"post_tag","embeddable":true,"href":"https:\/\/www.elgrillitosuena.com\/inicio\/wp-json\/wp\/v2\/tags?post=14856"}],"curies":[{"name":"wp","href":"https:\/\/api.w.org\/{rel}","templated":true}]}}