{"id":14731,"date":"2022-01-31T16:41:37","date_gmt":"2022-01-31T16:41:37","guid":{"rendered":"https:\/\/www.elgrillitosuena.com\/inicio\/?p=14731"},"modified":"2022-01-31T16:43:42","modified_gmt":"2022-01-31T16:43:42","slug":"pension-del-bienestar-becas-benito-juarez-y-jovenes-construyendo-el-futuro-fechas-de-pago-por-veda-electoral","status":"publish","type":"post","link":"https:\/\/www.elgrillitosuena.com\/inicio\/noticias\/mexico\/pension-del-bienestar-becas-benito-juarez-y-jovenes-construyendo-el-futuro-fechas-de-pago-por-veda-electoral\/","title":{"rendered":"Pensi\u00f3n del Bienestar, Becas Benito Ju\u00e1rez y J\u00f3venes Construyendo el Futuro: Fechas de PAGO por veda electoral"},"content":{"rendered":"<p><img decoding=\"async\" src=\"https:\/\/heraldodemexico.com.mx\/u\/fotografias\/m\/2022\/1\/31\/f960x540-472372_546447_0.jpg\" alt=\"Las nuevas fechas y montos de pago se dieron a conocer en la Ma\u00f1anera de AMLO. Foto: Presidencia\" \/><\/p>\n<p>Durante\u00a0la Ma\u00f1anera\u00a0del presidente\u00a0<strong>Andr\u00e9s Manuel L\u00f3pez Obrador<\/strong>, se dieron a conocer las<strong>\u00a0fechas y montos\u00a0<\/strong>que recibir\u00e1n los beneficiarios de los\u00a0<strong>programas sociales\u00a0<\/strong>para<strong>\u00a0adultos mayores y j\u00f3venes<\/strong>\u00a0debido al cambio que se avecina por la\u00a0<strong>veda electoral<\/strong>\u00a0y la jornada de\u00a0<strong>revocaci\u00f3n de mandato<\/strong>.<\/p>\n<p>Para el pago de la<strong>\u00a0Pensi\u00f3n del Bienesta<\/strong>r, el cual tiene registrados en su padr\u00f3n a m\u00e1s de 10 millones de adultos mayores con corte al enero de 2022, se acaba de realizar el\u00a0<strong>dep\u00f3sito del pago del bimestre de enero y febrero<\/strong>, el cual lleva un avance del 91 por ciento en el pago respectivo, inform\u00f3 la titular de la Secretar\u00eda del Bienestar,<strong>\u00a0Ariadna Montiel Reyes<\/strong>.<\/p>\n<p>La secretaria del Bienestar indic\u00f3 que el<strong>\u00a0siguiente pago de la pensi\u00f3n\u00a0<\/strong>a los adultos mayores se llevar\u00e1 a cabo en\u00a0<strong>marzo<\/strong>, en el cual se depositar\u00e1 el\u00a0<strong>monto de dos bimestres.<\/strong><\/p>\n<p>De tal manera que para marzo, los adultos mayores recibir\u00e1n el dep\u00f3sito del pago por<strong>\u00a07 mil 700 pesos<\/strong>\u00a0que corresponde a los bimestres de\u00a0<strong>marzo y abril, y mayo y junio<\/strong>. Mientras que para\u00a0<strong>julio se normalizar\u00e1 el pago por 3 mil 850 pesos<\/strong>\u00a0del bimestre julio-agosto, para terminar el a\u00f1o con los dep\u00f3sitos en septiembre de los meses septiembre-octubre, y para noviembre tener el \u00faltimo pago del a\u00f1o de los meses noviembre-diciembre.<\/p>\n<p>El mismo esquema aplica para los pagos a las<strong>\u00a0personas con discapacidad<\/strong>\u00a0el cual qued\u00f3 de la siguiente forma:<\/p>\n<ul>\n<li>Pago en enero para el bimestre enero-febrero:\u00a0<strong>2 mil 800 pesos.<\/strong><\/li>\n<li>Pago en marzo para los bimestres marzo-abril y mayo-junio:\u00a0<strong>5 mil 600 pesos.<\/strong><\/li>\n<li>Pago en julio para el bimestre julio-agosto:\u00a0<strong>2 mil 800 pesos.<\/strong><\/li>\n<\/ul>\n<p>Mientras que para el pago de las ni\u00f1as y ni\u00f1os de madres trabajadoras qued\u00f3:<\/p>\n<ul>\n<li>Pago en enero del bimestre enero-febrero:\u00a0<strong>mil 600 pesos<\/strong>.<\/li>\n<li>Pago en marzo para los bimestres marzo-abril y mayo-junio:\u00a0<strong>3 mil 200 pesos.<\/strong><\/li>\n<li>Pago en julio para el bimestre julio-agosto:\u00a0<strong>mil 600 pesos.<\/strong><\/li>\n<\/ul>\n<p>Por su parte, el coordinador nacional del programa Becas para el Bienestar &#8220;Benito Ju\u00e1rez Garc\u00eda&#8221; de la SEP,\u00a0Abraham V\u00e1zquez, inform\u00f3 que se adelantar\u00e1 el\u00a0<strong>pago de dos bimestres<\/strong>\u00a0para el pago de las becas para\u00a0<strong>estudiantes de educaci\u00f3n b\u00e1sica, media superior y superior<\/strong>\u00a0quedando de la siguiente manera:<\/p>\n<p>En febrero\u00a0se har\u00e1 el pago de enero-febrero y marzo-abril,\u00a0para la beca\u00a0<strong>b\u00e1sica<\/strong>\u00a0y\u00a0<strong>media superior\u00a0<\/strong>recibir\u00e1n\u00a0<strong>3 mil 360 pesos<\/strong>, mientras que para la\u00a0<strong>beca superior\u00a0<\/strong>ser\u00e1 de\u00a0<strong>9 mil 800 pesos<\/strong>. Para mayo-junio el monto ser\u00e1 de mil 680 pesos para la beca b\u00e1sica y media superior y para la superior de 4 mil 900 pesos. Para noviembre se volver\u00e1 a hacer el pago de los dos \u00faltimos bimestres del a\u00f1o al recibir el mismo dep\u00f3sito que en febrero.<\/p>\n<h2>Durante la veda se aplazan las inscripciones a los programas sociales<\/h2>\n<p>El pago del programa\u00a0<strong>Sembrando Vida<\/strong>\u00a0no qued\u00f3 modificado ya que los beneficiarios seguir\u00e1n recibiendo el<strong>\u00a0pago mensual de 5 mil pesos<\/strong>, caso similar a la beca\u00a0<strong>J\u00f3venes Construyendo el Futuro<\/strong>\u00a0que seguir\u00e1 haciendo los dep\u00f3sitos mensuales; sin embargo durante el periodo de la veda electoral,\u00a0<strong>se suspender\u00e1n las inscripciones\u00a0<\/strong>al programa y se reanudar\u00e1n hasta que concluya la jornada electoral.<\/p>\n<p><img decoding=\"async\" src=\"https:\/\/heraldodemexico.com.mx\/u\/fotografias\/m\/2022\/1\/31\/f768x1-472387_472514_0.png\" alt=\"becas\" \/><\/p>\n<p>Lo anterior, tambi\u00e9n aplicar\u00e1 con el\u00a0<strong>registro de los adultos mayores\u00a0<\/strong>a la Pensi\u00f3n del Bienestar.\u00a0Ariadna Montiel explic\u00f3\u00a0que las personas que nacieron entre<strong>\u00a0enero a abril,<\/strong>\u00a0la<strong>\u00a0inscripci\u00f3n ser\u00e1 del 15 al 30 de abril\u00a0<\/strong>para recibir su tarjeta entre el\u00a0<strong>15 al 30 de junio<\/strong>, mientras que para el resto del a\u00f1o qued\u00f3:<\/p>\n<ul>\n<li>Nacidos en mayo y junio: registro\u00a0del 15 al 30 de junio. Recibido\u00a0de la\u00a0tarjeta del 15 al 30 de agosto.<\/li>\n<li>Nacidos en julio y agosto: registro del 1 al 15 de julio. Recibo de la tarjeta del 1 al 15 de septiembre.<\/li>\n<li>Nacidos en septiembre\u00a0y octubre: registro del 1 al 15 de septiembre. Recibo de la tarjeta del 1 al 15 de noviembre.<\/li>\n<li>Nacidos en noviembre y diciembre: registro del 1 al 15 de noviembre. Recibo de la tarjeta del 1 al 15 de enero de 2023.<\/li>\n<\/ul>\n<p>Con informaci\u00f3n de Heraldo de M\u00e9xico<\/p>\n","protected":false},"excerpt":{"rendered":"<p>Durante\u00a0la Ma\u00f1anera\u00a0del presidente\u00a0Andr\u00e9s Manuel L\u00f3pez Obrador, se dieron a conocer las\u00a0fechas y montos\u00a0que recibir\u00e1n los beneficiarios de los\u00a0programas sociales\u00a0para\u00a0adultos mayores y j\u00f3venes\u00a0debido al cambio que se avecina por la\u00a0veda electoral\u00a0y la jornada de\u00a0revocaci\u00f3n de mandato. Para el pago de la\u00a0Pensi\u00f3n del Bienestar, el cual tiene registrados en su padr\u00f3n a m\u00e1s de 10 millones de &hellip;<\/p>\n","protected":false},"author":6,"featured_media":14732,"comment_status":"open","ping_status":"closed","sticky":false,"template":"","format":"standard","meta":[],"categories":[39],"tags":[98,3304,3975],"_links":{"self":[{"href":"https:\/\/www.elgrillitosuena.com\/inicio\/wp-json\/wp\/v2\/posts\/14731"}],"collection":[{"href":"https:\/\/www.elgrillitosuena.com\/inicio\/wp-json\/wp\/v2\/posts"}],"about":[{"href":"https:\/\/www.elgrillitosuena.com\/inicio\/wp-json\/wp\/v2\/types\/post"}],"author":[{"embeddable":true,"href":"https:\/\/www.elgrillitosuena.com\/inicio\/wp-json\/wp\/v2\/users\/6"}],"replies":[{"embeddable":true,"href":"https:\/\/www.elgrillitosuena.com\/inicio\/wp-json\/wp\/v2\/comments?post=14731"}],"version-history":[{"count":2,"href":"https:\/\/www.elgrillitosuena.com\/inicio\/wp-json\/wp\/v2\/posts\/14731\/revisions"}],"predecessor-version":[{"id":14734,"href":"https:\/\/www.elgrillitosuena.com\/inicio\/wp-json\/wp\/v2\/posts\/14731\/revisions\/14734"}],"wp:featuredmedia":[{"embeddable":true,"href":"https:\/\/www.elgrillitosuena.com\/inicio\/wp-json\/wp\/v2\/media\/14732"}],"wp:attachment":[{"href":"https:\/\/www.elgrillitosuena.com\/inicio\/wp-json\/wp\/v2\/media?parent=14731"}],"wp:term":[{"taxonomy":"category","embeddable":true,"href":"https:\/\/www.elgrillitosuena.com\/inicio\/wp-json\/wp\/v2\/categories?post=14731"},{"taxonomy":"post_tag","embeddable":true,"href":"https:\/\/www.elgrillitosuena.com\/inicio\/wp-json\/wp\/v2\/tags?post=14731"}],"curies":[{"name":"wp","href":"https:\/\/api.w.org\/{rel}","templated":true}]}}