{"id":14728,"date":"2022-01-31T16:28:51","date_gmt":"2022-01-31T16:28:51","guid":{"rendered":"https:\/\/www.elgrillitosuena.com\/inicio\/?p=14728"},"modified":"2022-01-31T16:28:51","modified_gmt":"2022-01-31T16:28:51","slug":"inauguraremos-el-tren-maya-aun-con-todos-los-obstaculos-lopez-obrador","status":"publish","type":"post","link":"https:\/\/www.elgrillitosuena.com\/inicio\/noticias\/mexico\/inauguraremos-el-tren-maya-aun-con-todos-los-obstaculos-lopez-obrador\/","title":{"rendered":"Inauguraremos el Tren Maya a\u00fan con todos los obst\u00e1culos: L\u00f3pez Obrador"},"content":{"rendered":"<p><img decoding=\"async\" src=\"https:\/\/cdn2.excelsior.com.mx\/media\/styles\/image800x600\/public\/pictures\/2022\/01\/31\/2707140.jpg\" \/><\/p>\n<p>El presidente Andr\u00e9s Manuel L\u00f3pez Obrador asegur\u00f3 que pese a las dificultades que ha vivido la obra del\u00a0<strong>Tren Maya, \u00e9sta ser\u00e1 inaugurada en diciembre de 2023.<\/strong><\/p>\n<p>En conferencia en Palacio Nacional, el mandatario destac\u00f3 que gracias a la labor de los trabajadores, as\u00ed como a los militares que participan en la construcci\u00f3n y a la ciudadan\u00eda, el Tren Maya avanza.<\/p>\n<blockquote><p>Va bien el trabajo, pero debemos aplicarnos a fondo para inaugurar en diciembre de 2023 (\u2026). Vamos a inaugurar el Tren a\u00fan con todos los obst\u00e1culos. Es importante destacar que nos ha ayudado mucho la gente que quiere la obra\u201d, dijo.<\/p><\/blockquote>\n<p>El Tren Maya contar\u00e1 con siete tramos que en total sumar\u00e1n mil 525 kil\u00f3metros de v\u00edas f\u00e9rreas, mismas que atravesar\u00e1n los estados de Tabasco, Chiapas, Campeche, Yucat\u00e1n y Quintana Roo.<\/p>\n<p>L\u00f3pez Obrador coment\u00f3 que el tramo de M\u00e9rida-Canc\u00fan-Tulum del Tren Maya ser\u00e1 de doble v\u00eda y electrificado; adem\u00e1s, se incluir\u00e1 la rehabilitaci\u00f3n de las viejas ciudades mayas como Palenque, Calakmul, Tulum, Chichen Itz\u00e1, entre otras.<\/p>\n<p>\u201cVa bien el trabajo, pero debemos aplicarnos a fondo para inaugurar en diciembre de 2023\u201d, dijo al informar que ya se\u00a0<strong>firm\u00f3 un contrato con Alstom-Bombardier para la fabricaci\u00f3n de trenes<\/strong>, ya que el primero se entregar\u00e1 a mediados del 2023 y cada mes entregar\u00e1 uno, por lo que \u201ccuando inauguremos vamos a tener 6 trenes\u201d.<\/p>\n<p>Tal como lo hizo ayer desde Quintana Roo, L\u00f3pez Obrador destac\u00f3 la creaci\u00f3n del Parque Nacional del Jaguar \u2014que en una primera etapa contar\u00e1 con mil hect\u00e1reas\u2014, con la que se\u00a0<strong>busca preservar la flora y fauna del lugar.<\/strong><\/p>\n<blockquote><p>Vamos a unir todo lo que tiene la zona arqueol\u00f3gica que tiene Tulum con unos terrenos que se usaban de aeropuerto para la Marina y otros terrenos donados por el estado, en una primera etapa ser\u00e1n mil hect\u00e1reas. Se podr\u00e1 entrar a la zona caminando. La vamos a bardear como parte de la protecci\u00f3n de la flora y fauna de la regi\u00f3n. Adem\u00e1s, poner orden en el desarrollo urbano porque ha habido mucho desorden, anarqu\u00eda, corrupci\u00f3n\u201d, mencion\u00f3.<\/p><\/blockquote>\n<p>El presidente adem\u00e1s inform\u00f3 que se sign\u00f3 un contrato con el Gobierno de Quintana Roo para resolver el problema de tr\u00e1fico en la zona hotelera de Canc\u00fan.<\/p>\n<p>De esta manera se construir\u00e1 un puente de m\u00e1s de 10 kil\u00f3metros sobre la laguna, indic\u00f3.<\/p>\n<p>Adem\u00e1s, dijo que se pavimentar\u00e1n calles, as\u00ed como la avenida Colosio, a la cual se le va a colocar concreto hidr\u00e1ulico.<\/p>\n<p>L\u00f3pez Obrador agreg\u00f3 que una vez que el pr\u00f3ximo 21 de marzo se inaugure el Aeropuerto Internacional Felipe \u00c1ngeles, los ingenieros militares se incorporar\u00e1n a los trabajos del Tren Maya.<\/p>\n<p>Los elementos de la Secretar\u00eda de la Defensa Nacional laborar\u00e1n en los tramos Esc\u00e1rcega-Chetumal y Chetumal-Tulum, as\u00ed como en el tramo Tulum-Canc\u00fan. Adem\u00e1s, construir\u00e1n el Nuevo Aeropuerto de Tulum.<\/p>\n<p>Con informaci\u00f3n de Exc\u00e9lsior<\/p>\n","protected":false},"excerpt":{"rendered":"<p>El presidente Andr\u00e9s Manuel L\u00f3pez Obrador asegur\u00f3 que pese a las dificultades que ha vivido la obra del\u00a0Tren Maya, \u00e9sta ser\u00e1 inaugurada en diciembre de 2023. En conferencia en Palacio Nacional, el mandatario destac\u00f3 que gracias a la labor de los trabajadores, as\u00ed como a los militares que participan en la construcci\u00f3n y a la &hellip;<\/p>\n","protected":false},"author":6,"featured_media":14729,"comment_status":"open","ping_status":"closed","sticky":false,"template":"","format":"standard","meta":[],"categories":[39],"tags":[98,1500,1554],"_links":{"self":[{"href":"https:\/\/www.elgrillitosuena.com\/inicio\/wp-json\/wp\/v2\/posts\/14728"}],"collection":[{"href":"https:\/\/www.elgrillitosuena.com\/inicio\/wp-json\/wp\/v2\/posts"}],"about":[{"href":"https:\/\/www.elgrillitosuena.com\/inicio\/wp-json\/wp\/v2\/types\/post"}],"author":[{"embeddable":true,"href":"https:\/\/www.elgrillitosuena.com\/inicio\/wp-json\/wp\/v2\/users\/6"}],"replies":[{"embeddable":true,"href":"https:\/\/www.elgrillitosuena.com\/inicio\/wp-json\/wp\/v2\/comments?post=14728"}],"version-history":[{"count":1,"href":"https:\/\/www.elgrillitosuena.com\/inicio\/wp-json\/wp\/v2\/posts\/14728\/revisions"}],"predecessor-version":[{"id":14730,"href":"https:\/\/www.elgrillitosuena.com\/inicio\/wp-json\/wp\/v2\/posts\/14728\/revisions\/14730"}],"wp:featuredmedia":[{"embeddable":true,"href":"https:\/\/www.elgrillitosuena.com\/inicio\/wp-json\/wp\/v2\/media\/14729"}],"wp:attachment":[{"href":"https:\/\/www.elgrillitosuena.com\/inicio\/wp-json\/wp\/v2\/media?parent=14728"}],"wp:term":[{"taxonomy":"category","embeddable":true,"href":"https:\/\/www.elgrillitosuena.com\/inicio\/wp-json\/wp\/v2\/categories?post=14728"},{"taxonomy":"post_tag","embeddable":true,"href":"https:\/\/www.elgrillitosuena.com\/inicio\/wp-json\/wp\/v2\/tags?post=14728"}],"curies":[{"name":"wp","href":"https:\/\/api.w.org\/{rel}","templated":true}]}}