{"id":14721,"date":"2022-01-28T20:20:29","date_gmt":"2022-01-28T20:20:29","guid":{"rendered":"https:\/\/www.elgrillitosuena.com\/inicio\/?p=14721"},"modified":"2022-01-28T20:20:29","modified_gmt":"2022-01-28T20:20:29","slug":"rusia-vs-ucrania-eu-estima-ataque-a-mediados-de-febrero","status":"publish","type":"post","link":"https:\/\/www.elgrillitosuena.com\/inicio\/noticias\/mundo\/rusia-vs-ucrania-eu-estima-ataque-a-mediados-de-febrero\/","title":{"rendered":"Rusia vs. Ucrania: EU estima ataque a mediados de febrero"},"content":{"rendered":"<p><img decoding=\"async\" src=\"https:\/\/www.radioformula.com.mx\/u\/fotografias\/m\/2022\/1\/27\/f960x540-317665_391740_15.jpg\" alt=\"Estados Unidos cree que Rusia atacar\u00e1 con fuerza militar a Ucrania a mediados de febrero.\" \/><\/p>\n<p>La subsecretaria de Estado de los<strong>\u00a0Estados Unidos de Am\u00e9rica<\/strong>, Wendy Sherman, dijo que consideran\u00a0que\u00a0<strong>Rusia\u00a0<\/strong>atacar\u00e1 a\u00a0<strong>Ucrania\u00a0<\/strong>de aqu\u00ed\u00a0a mediados de febrero, aunque recalc\u00f3 que desconoce si el presidente ruso, Vlad\u00edmir Putin, tomar\u00e1 la decisi\u00f3n de atacar al pa\u00eds vecino.<\/p>\n<p><strong>Sherman\u00a0<\/strong>indic\u00f3 en una conferencia de\u00a0<em>Yalta European Strategy<\/em>\u00a0(YES), liderada por la ex presidenta de Estonia,\u00a0Kersti Kaljulaid,\u00a0que EU ve indicadores de que Vladimir Putin, presidente ruso,\u00a0&#8220;har\u00e1 uso de la fuerza militar en alg\u00fan momento, quiz\u00e1 entre ahora y mediados de febrero&#8221;.<\/p>\n<p>Sin embargo, puntualiz\u00f3 que la administraci\u00f3n de Joe Biden desconoce si Putin ya tom\u00f3 una decisi\u00f3n definitiva\u00a0respecto a ese tema.<\/p>\n<blockquote><p>&#8220;No s\u00e9 qu\u00e9 est\u00e1 en la mente del presidente Putin. Solo hay una persona que lo sabe y esa es el presidente Putin. Sospecho que ni siquiera la gente que le rodea saben qu\u00e9 har\u00e1 finalmente&#8221;, se\u00f1al\u00f3 la subsecretaria.<\/p><\/blockquote>\n<p>La diplom\u00e1tica estadounidense declar\u00f3 tambi\u00e9n que la pr\u00f3xima inauguraci\u00f3n de los Juegos Ol\u00edmpicos en Pekin, que se llevar\u00e1 a cabo el 4 de febrero de 2022\u00a0y a la cu\u00e1l asistir\u00e1 el dirigente ruso,\u00a0 tendr\u00e1 un impacto importante en el calendario, el pensamiento y finalmente en la decisi\u00f3n de Putin.<\/p>\n<blockquote><p>&#8220;Vemos ciertamente todas las indicaciones de que va a utilizar la fuerza militar, quiz\u00e1s en alg\u00fan momento (entre) ahora y mediados de febrero&#8221;, recalc\u00f3.<\/p><\/blockquote>\n<blockquote><p>&#8220;Sabemos todos que la inauguraci\u00f3n es el 4 de febrero y que se prev\u00e9 que asista el presidente Putin a la misma. Probablemente el presidente (chino) Xi Jinping no estar\u00eda muy euf\u00f3rico si el presidente Putin eligiese ese momento para invadir Ucrania&#8221;, agreg\u00f3.<\/p><\/blockquote>\n<p>Con informaci\u00f3n de Radio F\u00f3rmula<\/p>\n","protected":false},"excerpt":{"rendered":"<p>La subsecretaria de Estado de los\u00a0Estados Unidos de Am\u00e9rica, Wendy Sherman, dijo que consideran\u00a0que\u00a0Rusia\u00a0atacar\u00e1 a\u00a0Ucrania\u00a0de aqu\u00ed\u00a0a mediados de febrero, aunque recalc\u00f3 que desconoce si el presidente ruso, Vlad\u00edmir Putin, tomar\u00e1 la decisi\u00f3n de atacar al pa\u00eds vecino. Sherman\u00a0indic\u00f3 en una conferencia de\u00a0Yalta European Strategy\u00a0(YES), liderada por la ex presidenta de Estonia,\u00a0Kersti Kaljulaid,\u00a0que EU ve indicadores &hellip;<\/p>\n","protected":false},"author":6,"featured_media":14722,"comment_status":"open","ping_status":"closed","sticky":false,"template":"","format":"standard","meta":[],"categories":[40],"tags":[405,125,3714],"_links":{"self":[{"href":"https:\/\/www.elgrillitosuena.com\/inicio\/wp-json\/wp\/v2\/posts\/14721"}],"collection":[{"href":"https:\/\/www.elgrillitosuena.com\/inicio\/wp-json\/wp\/v2\/posts"}],"about":[{"href":"https:\/\/www.elgrillitosuena.com\/inicio\/wp-json\/wp\/v2\/types\/post"}],"author":[{"embeddable":true,"href":"https:\/\/www.elgrillitosuena.com\/inicio\/wp-json\/wp\/v2\/users\/6"}],"replies":[{"embeddable":true,"href":"https:\/\/www.elgrillitosuena.com\/inicio\/wp-json\/wp\/v2\/comments?post=14721"}],"version-history":[{"count":1,"href":"https:\/\/www.elgrillitosuena.com\/inicio\/wp-json\/wp\/v2\/posts\/14721\/revisions"}],"predecessor-version":[{"id":14723,"href":"https:\/\/www.elgrillitosuena.com\/inicio\/wp-json\/wp\/v2\/posts\/14721\/revisions\/14723"}],"wp:featuredmedia":[{"embeddable":true,"href":"https:\/\/www.elgrillitosuena.com\/inicio\/wp-json\/wp\/v2\/media\/14722"}],"wp:attachment":[{"href":"https:\/\/www.elgrillitosuena.com\/inicio\/wp-json\/wp\/v2\/media?parent=14721"}],"wp:term":[{"taxonomy":"category","embeddable":true,"href":"https:\/\/www.elgrillitosuena.com\/inicio\/wp-json\/wp\/v2\/categories?post=14721"},{"taxonomy":"post_tag","embeddable":true,"href":"https:\/\/www.elgrillitosuena.com\/inicio\/wp-json\/wp\/v2\/tags?post=14721"}],"curies":[{"name":"wp","href":"https:\/\/api.w.org\/{rel}","templated":true}]}}