{"id":14718,"date":"2022-01-28T19:23:51","date_gmt":"2022-01-28T19:23:51","guid":{"rendered":"https:\/\/www.elgrillitosuena.com\/inicio\/?p=14718"},"modified":"2022-01-28T19:23:51","modified_gmt":"2022-01-28T19:23:51","slug":"michoacan-y-jalisco-preparan-acuerdo-de-coordinacion-por-el-desarrollo-regional","status":"publish","type":"post","link":"https:\/\/www.elgrillitosuena.com\/inicio\/noticias\/michoacan\/michoacan-y-jalisco-preparan-acuerdo-de-coordinacion-por-el-desarrollo-regional\/","title":{"rendered":"Michoac\u00e1n y Jalisco preparan acuerdo de coordinaci\u00f3n por el desarrollo regional"},"content":{"rendered":"<p><img decoding=\"async\" loading=\"lazy\" class=\"alignnone  wp-image-14719\" src=\"https:\/\/www.elgrillitosuena.com\/inicio\/wp-content\/uploads\/2022\/01\/WhatsApp-Image-2022-01-28-at-1.21.26-PM-300x296.jpeg\" alt=\"\" width=\"576\" height=\"568\" srcset=\"https:\/\/www.elgrillitosuena.com\/inicio\/wp-content\/uploads\/2022\/01\/WhatsApp-Image-2022-01-28-at-1.21.26-PM-300x296.jpeg 300w, https:\/\/www.elgrillitosuena.com\/inicio\/wp-content\/uploads\/2022\/01\/WhatsApp-Image-2022-01-28-at-1.21.26-PM-1024x1009.jpeg 1024w, https:\/\/www.elgrillitosuena.com\/inicio\/wp-content\/uploads\/2022\/01\/WhatsApp-Image-2022-01-28-at-1.21.26-PM-768x756.jpeg 768w, https:\/\/www.elgrillitosuena.com\/inicio\/wp-content\/uploads\/2022\/01\/WhatsApp-Image-2022-01-28-at-1.21.26-PM.jpeg 1200w\" sizes=\"(max-width: 576px) 100vw, 576px\" \/><\/p>\n<p>Alfredo Ram\u00edrez Bedolla y Enrique Alfaro Ram\u00edrez, gobernadores de Michoac\u00e1n y Jalisco, respectivamente, sostuvieron este viernes una reuni\u00f3n para comenzar a trazar l\u00edneas de trabajo conjunto en favor del desarrollo de ambos estados.<\/p>\n<p>Los gobernadores coincidieron en que la seguridad es uno de los temas prioritarios en ambos estados, por lo que sin duda ser\u00e1 un objetivo com\u00fan en la agenda conjunta de trabajo; &#8220;hemos planteado la relevancia de realizar acciones espec\u00edficas en la zona de frontera entre ambos estados&#8221;, refiri\u00f3 Ram\u00edrez Bedolla al concluir la reuni\u00f3n.<\/p>\n<p>A\u00f1adi\u00f3 que encontr\u00f3 en Enrique Alfaro buena disposici\u00f3n para fortalecer el intercambio comercial y cultural entre Michoac\u00e1n y Jalisco, entidades que si trabajan juntas pueden hacer una gran contribuci\u00f3n al desarrollo de la regi\u00f3n Centro-Occidente del pa\u00eds.<\/p>\n<p>Alfredo Ram\u00edrez puntualiz\u00f3 que los convenios de promoci\u00f3n tur\u00edstica son otra prioridad en la agenda conjunta que han comenzado a trazar, ya que al ser estados vecinos con mucho potencial en destinos tur\u00edsticos, intercambian tambi\u00e9n un flujo importante de visitantes.<\/p>\n<p>Esta primera reuni\u00f3n fue para identificar necesidades, intereses y objetivos comunes, abund\u00f3 Bedolla, posteriormente involucraremos a integrantes de nuestros respectivos gabinetes para ampliar y robustecer la colaboraci\u00f3n intergubernamental.<\/p>\n","protected":false},"excerpt":{"rendered":"<p>Alfredo Ram\u00edrez Bedolla y Enrique Alfaro Ram\u00edrez, gobernadores de Michoac\u00e1n y Jalisco, respectivamente, sostuvieron este viernes una reuni\u00f3n para comenzar a trazar l\u00edneas de trabajo conjunto en favor del desarrollo de ambos estados. Los gobernadores coincidieron en que la seguridad es uno de los temas prioritarios en ambos estados, por lo que sin duda ser\u00e1 &hellip;<\/p>\n","protected":false},"author":6,"featured_media":14719,"comment_status":"open","ping_status":"closed","sticky":false,"template":"","format":"standard","meta":[],"categories":[38],"tags":[1644,3949,4046],"_links":{"self":[{"href":"https:\/\/www.elgrillitosuena.com\/inicio\/wp-json\/wp\/v2\/posts\/14718"}],"collection":[{"href":"https:\/\/www.elgrillitosuena.com\/inicio\/wp-json\/wp\/v2\/posts"}],"about":[{"href":"https:\/\/www.elgrillitosuena.com\/inicio\/wp-json\/wp\/v2\/types\/post"}],"author":[{"embeddable":true,"href":"https:\/\/www.elgrillitosuena.com\/inicio\/wp-json\/wp\/v2\/users\/6"}],"replies":[{"embeddable":true,"href":"https:\/\/www.elgrillitosuena.com\/inicio\/wp-json\/wp\/v2\/comments?post=14718"}],"version-history":[{"count":1,"href":"https:\/\/www.elgrillitosuena.com\/inicio\/wp-json\/wp\/v2\/posts\/14718\/revisions"}],"predecessor-version":[{"id":14720,"href":"https:\/\/www.elgrillitosuena.com\/inicio\/wp-json\/wp\/v2\/posts\/14718\/revisions\/14720"}],"wp:featuredmedia":[{"embeddable":true,"href":"https:\/\/www.elgrillitosuena.com\/inicio\/wp-json\/wp\/v2\/media\/14719"}],"wp:attachment":[{"href":"https:\/\/www.elgrillitosuena.com\/inicio\/wp-json\/wp\/v2\/media?parent=14718"}],"wp:term":[{"taxonomy":"category","embeddable":true,"href":"https:\/\/www.elgrillitosuena.com\/inicio\/wp-json\/wp\/v2\/categories?post=14718"},{"taxonomy":"post_tag","embeddable":true,"href":"https:\/\/www.elgrillitosuena.com\/inicio\/wp-json\/wp\/v2\/tags?post=14718"}],"curies":[{"name":"wp","href":"https:\/\/api.w.org\/{rel}","templated":true}]}}