{"id":14700,"date":"2022-01-28T17:10:30","date_gmt":"2022-01-28T17:10:30","guid":{"rendered":"https:\/\/www.elgrillitosuena.com\/inicio\/?p=14700"},"modified":"2022-01-28T17:10:30","modified_gmt":"2022-01-28T17:10:30","slug":"omicron-unicef-llama-a-no-cerrar-escuelas-pese-a-nueva-variante","status":"publish","type":"post","link":"https:\/\/www.elgrillitosuena.com\/inicio\/noticias\/mundo\/omicron-unicef-llama-a-no-cerrar-escuelas-pese-a-nueva-variante\/","title":{"rendered":"\u00d3micron: Unicef llama a no cerrar escuelas pese a nueva variante"},"content":{"rendered":"<p><img decoding=\"async\" src=\"https:\/\/www.radioformula.com.mx\/u\/fotografias\/m\/2022\/1\/27\/f960x540-317714_391789_15.jpg\" alt=\"Unicef llama a no cerrar escuelas pese a contagios por \u00d3micron\" \/><\/p>\n<p>Pese a que\u00a0<strong>\u00d3micron\u00a0<\/strong>se ha convertido en la variante del COVID-19 predominante a nivel mundial, lo que ha llevado a la implementaci\u00f3n de nuevas medidas restrictivas para prevenir contagios, el\u00a0<strong>Fondo de las Naciones Unidas\u00a0<\/strong>(Unicef) defendi\u00f3 el que las\u00a0<strong>escuelas\u00a0<\/strong>permanezcan abiertas a pesar de la alta transmisi\u00f3n.<\/p>\n<p>A trav\u00e9s de un comunicado titulado \u2018No hay excusas, mantengan las escuelas abiertas, los ni\u00f1os no pueden esperar\u2019, la agencia de la Organizaci\u00f3n de las Naciones Unidas (ONU) para la infancia, pidi\u00f3 a los gobiernos de todo el mundo hacer todo lo posible por\u00a0<strong>no cerrar<\/strong>\u00a0las\u00a0<strong>instituciones educativas<\/strong>.<\/p>\n<div>\n<p>De acuerdo con la directora ejecutiva de\u00a0<strong>Unicef<\/strong>, Henrietta Fore, el que los ni\u00f1os puedan ir a las\u00a0<strong>escuelas\u00a0<\/strong>de forma presencial debe ser una prioridad, a\u00fan en medio de la oleada de contagios por\u00a0<strong>\u00d3micron\u00a0<\/strong>que viven varios pa\u00edses del mundo, lo cual, es necesario para evitar \u201cuna cat\u00e1strofe\u201d educativa.<\/p>\n<p>Para ello, Fore hace tres grandes recomendaciones: mantener las escuelas abiertas, vacunar a maestros inmediatamente y apoyar la vacunaci\u00f3n de los alumnos, pero sin imponerla nunca como requisito para estar en clase.<\/p>\n<p><img decoding=\"async\" src=\"https:\/\/www.radioformula.com.mx\/u\/fotografias\/m\/2022\/1\/27\/f768x400-317713_361616_5050.jpg\" \/><\/p>\n<p>\u201c<em>Pese a los desaf\u00edos sin precedentes que la pandemia de la COVID-19 est\u00e1 creando para los sistemas educativos en todo el mundo, es necesario hacer todo lo posible para mantener a los ni\u00f1os en las escuelas<\/em>&#8220;, dijo.<\/p>\n<p>Seg\u00fan datos de\u00a0<strong>Unicef\u00a0<\/strong>actualmente hay 616 millones de menores afectados por nuevos cierres parciales o totales de sus instituciones educativas.<\/p>\n<p>La agencia de la ONU pide &#8220;acciones decididas para permitir que todo ni\u00f1o pueda volver a la escuela&#8221;, con especial atenci\u00f3n para colectivos marginados.<\/p>\n<p>Adem\u00e1s, insisti\u00f3 que los gobiernos deben dar prioridad a la vacunaci\u00f3n de personal educativo, y a los menores cuando haya dosis disponibles para su edad.<\/p>\n<p>Con informaci\u00f3n de Radio F\u00f3rmula<\/p>\n<\/div>\n","protected":false},"excerpt":{"rendered":"<p>Pese a que\u00a0\u00d3micron\u00a0se ha convertido en la variante del COVID-19 predominante a nivel mundial, lo que ha llevado a la implementaci\u00f3n de nuevas medidas restrictivas para prevenir contagios, el\u00a0Fondo de las Naciones Unidas\u00a0(Unicef) defendi\u00f3 el que las\u00a0escuelas\u00a0permanezcan abiertas a pesar de la alta transmisi\u00f3n. A trav\u00e9s de un comunicado titulado \u2018No hay excusas, mantengan las &hellip;<\/p>\n","protected":false},"author":6,"featured_media":14701,"comment_status":"open","ping_status":"closed","sticky":false,"template":"","format":"standard","meta":[],"categories":[40],"tags":[1026,3455,2110],"_links":{"self":[{"href":"https:\/\/www.elgrillitosuena.com\/inicio\/wp-json\/wp\/v2\/posts\/14700"}],"collection":[{"href":"https:\/\/www.elgrillitosuena.com\/inicio\/wp-json\/wp\/v2\/posts"}],"about":[{"href":"https:\/\/www.elgrillitosuena.com\/inicio\/wp-json\/wp\/v2\/types\/post"}],"author":[{"embeddable":true,"href":"https:\/\/www.elgrillitosuena.com\/inicio\/wp-json\/wp\/v2\/users\/6"}],"replies":[{"embeddable":true,"href":"https:\/\/www.elgrillitosuena.com\/inicio\/wp-json\/wp\/v2\/comments?post=14700"}],"version-history":[{"count":1,"href":"https:\/\/www.elgrillitosuena.com\/inicio\/wp-json\/wp\/v2\/posts\/14700\/revisions"}],"predecessor-version":[{"id":14702,"href":"https:\/\/www.elgrillitosuena.com\/inicio\/wp-json\/wp\/v2\/posts\/14700\/revisions\/14702"}],"wp:featuredmedia":[{"embeddable":true,"href":"https:\/\/www.elgrillitosuena.com\/inicio\/wp-json\/wp\/v2\/media\/14701"}],"wp:attachment":[{"href":"https:\/\/www.elgrillitosuena.com\/inicio\/wp-json\/wp\/v2\/media?parent=14700"}],"wp:term":[{"taxonomy":"category","embeddable":true,"href":"https:\/\/www.elgrillitosuena.com\/inicio\/wp-json\/wp\/v2\/categories?post=14700"},{"taxonomy":"post_tag","embeddable":true,"href":"https:\/\/www.elgrillitosuena.com\/inicio\/wp-json\/wp\/v2\/tags?post=14700"}],"curies":[{"name":"wp","href":"https:\/\/api.w.org\/{rel}","templated":true}]}}