{"id":14511,"date":"2022-01-25T16:52:33","date_gmt":"2022-01-25T16:52:33","guid":{"rendered":"https:\/\/www.elgrillitosuena.com\/inicio\/?p=14511"},"modified":"2022-01-25T16:52:33","modified_gmt":"2022-01-25T16:52:33","slug":"abanderan-a-delegacion-mexicana-para-olimpicos-de-invierno","status":"publish","type":"post","link":"https:\/\/www.elgrillitosuena.com\/inicio\/noticias\/deportes\/abanderan-a-delegacion-mexicana-para-olimpicos-de-invierno\/","title":{"rendered":"Abanderan a delegaci\u00f3n mexicana para Ol\u00edmpicos de Invierno"},"content":{"rendered":"<p><img decoding=\"async\" src=\"https:\/\/cdn2.excelsior.com.mx\/media\/styles\/grande\/public\/pictures\/2022\/01\/25\/2704415.jpg\" alt=\"El abanderamiento de la delegaci\u00f3n mexicana se realiz\u00f3 en la Explanada de la Plaza Ol\u00edmpica del COM (Foto: Captura de pantalla)\" \/><\/p>\n<p>La\u00a0<strong>delegaci\u00f3n mexicana<\/strong>\u00a0fue abanderada para su participaci\u00f3n en los\u00a0<strong>Juegos Ol\u00edmpicos de Invierno Beijing 2022<\/strong>, donde\u00a0<strong>Daniel Aceves Villagr\u00e1n<\/strong>, vicepresidente del\u00a0<strong>COM<\/strong>, se\u00f1al\u00f3 que la ceremonia se vuelve trascendental e hist\u00f3rica, y dese\u00f3 suerte y \u00e9xito a los cuatro atletas que nos representar\u00e1n.<\/p>\n<p>\u201cNuestro deseo no solo de suerte, \u00e9xito, sino del acompa\u00f1amiento del pueblo mexicano de portar los colores patrios\u201d, mencion\u00f3 el dirigente.<\/p>\n<p>En la edici\u00f3n XIV de los Juegos Ol\u00edmpicos de Invierno participar\u00e1n 85 pa\u00edses, donde el\u00a0<strong>Continente Americano<\/strong>\u00a0participar\u00e1 con 14 naciones.<\/p>\n<blockquote><p>Hablar de nuestros representantes, es hablar de cuatro mexicanos que han ganado su representaci\u00f3n no solo con su voluntad, enarbolando los valores ol\u00edmpicos\u201d, agreg\u00f3.<\/p><\/blockquote>\n<p>Los Juegos Ol\u00edmpicos de Invierno Beijing 2022 se realizar\u00e1n del\u00a0<strong>4 al 20 de febrero<\/strong>.<\/p>\n<p>Con informaci\u00f3n de Excelsior<\/p>\n","protected":false},"excerpt":{"rendered":"<p>La\u00a0delegaci\u00f3n mexicana\u00a0fue abanderada para su participaci\u00f3n en los\u00a0Juegos Ol\u00edmpicos de Invierno Beijing 2022, donde\u00a0Daniel Aceves Villagr\u00e1n, vicepresidente del\u00a0COM, se\u00f1al\u00f3 que la ceremonia se vuelve trascendental e hist\u00f3rica, y dese\u00f3 suerte y \u00e9xito a los cuatro atletas que nos representar\u00e1n. \u201cNuestro deseo no solo de suerte, \u00e9xito, sino del acompa\u00f1amiento del pueblo mexicano de portar los &hellip;<\/p>\n","protected":false},"author":6,"featured_media":14512,"comment_status":"open","ping_status":"closed","sticky":false,"template":"","format":"standard","meta":[],"categories":[45],"tags":[3994,3995,1796],"_links":{"self":[{"href":"https:\/\/www.elgrillitosuena.com\/inicio\/wp-json\/wp\/v2\/posts\/14511"}],"collection":[{"href":"https:\/\/www.elgrillitosuena.com\/inicio\/wp-json\/wp\/v2\/posts"}],"about":[{"href":"https:\/\/www.elgrillitosuena.com\/inicio\/wp-json\/wp\/v2\/types\/post"}],"author":[{"embeddable":true,"href":"https:\/\/www.elgrillitosuena.com\/inicio\/wp-json\/wp\/v2\/users\/6"}],"replies":[{"embeddable":true,"href":"https:\/\/www.elgrillitosuena.com\/inicio\/wp-json\/wp\/v2\/comments?post=14511"}],"version-history":[{"count":1,"href":"https:\/\/www.elgrillitosuena.com\/inicio\/wp-json\/wp\/v2\/posts\/14511\/revisions"}],"predecessor-version":[{"id":14513,"href":"https:\/\/www.elgrillitosuena.com\/inicio\/wp-json\/wp\/v2\/posts\/14511\/revisions\/14513"}],"wp:featuredmedia":[{"embeddable":true,"href":"https:\/\/www.elgrillitosuena.com\/inicio\/wp-json\/wp\/v2\/media\/14512"}],"wp:attachment":[{"href":"https:\/\/www.elgrillitosuena.com\/inicio\/wp-json\/wp\/v2\/media?parent=14511"}],"wp:term":[{"taxonomy":"category","embeddable":true,"href":"https:\/\/www.elgrillitosuena.com\/inicio\/wp-json\/wp\/v2\/categories?post=14511"},{"taxonomy":"post_tag","embeddable":true,"href":"https:\/\/www.elgrillitosuena.com\/inicio\/wp-json\/wp\/v2\/tags?post=14511"}],"curies":[{"name":"wp","href":"https:\/\/api.w.org\/{rel}","templated":true}]}}