{"id":14505,"date":"2022-01-25T16:26:07","date_gmt":"2022-01-25T16:26:07","guid":{"rendered":"https:\/\/www.elgrillitosuena.com\/inicio\/?p=14505"},"modified":"2022-01-25T16:26:07","modified_gmt":"2022-01-25T16:26:07","slug":"militares-toman-el-poder-en-burkina-faso-biden-onu-y-ue-dicen-que-es-golpe-de-estado","status":"publish","type":"post","link":"https:\/\/www.elgrillitosuena.com\/inicio\/noticias\/mundo\/militares-toman-el-poder-en-burkina-faso-biden-onu-y-ue-dicen-que-es-golpe-de-estado\/","title":{"rendered":"Militares toman el poder en Burkina Faso; Biden, ONU y UE dicen que es golpe de Estado"},"content":{"rendered":"<p><img decoding=\"async\" src=\"https:\/\/static.dw.com\/image\/60531802_303.jpg\" alt=\"Los militares detienen al presidente de Burkina Faso en un aparente golpe |  El Mundo | DW | 24.01.2022\" \/><\/p>\n<p>Los militares de Burkina Faso anunciaron el lunes por televisi\u00f3n que tomaron el poder tras un alzamiento en el pa\u00eds africano debido a las cr\u00edticas al Presidente por su fracaso para contener el auge de los yihadistas.<\/p>\n<p>Los golpistas con uniforme de camuflaje anunciaron en la televisi\u00f3n el &#8220;fin del mandato&#8221; del presidente Roch Marc Christian Kabor\u00e9, tras un mot\u00edn que comenz\u00f3 el domingo.<\/p>\n<p>En el mensaje, los soldados alzados tambi\u00e9n anunciaron el cierre de las fronteras y prometieron un &#8220;retorno al orden constitucional&#8221; en un plazo &#8220;razonable&#8221;. Antes del anuncio, el presidente de Estados Unidos, Joe Biden, pidi\u00f3 la &#8220;liberaci\u00f3n inmediata&#8221; de Kabor\u00e9, un mensaje que tambi\u00e9n efectu\u00f3 la Uni\u00f3n Europea (UE).<\/p>\n<p>La Uni\u00f3n Africana hab\u00eda condenado lo que era en ese momento un &#8220;intento de golpe de Estado&#8221;. Por su parte, luego, el secretario general de la Organizaci\u00f3n de las Naciones Unidas (ONU), Antonio Guterres, &#8220;conden\u00f3 firmemente&#8221; el lunes el &#8220;golpe de Estado&#8221;.<\/p>\n<p>En un texto le\u00eddo por su portavoz, Guterres dijo que &#8220;preocupa la protecci\u00f3n y la integridad f\u00edsica&#8221; de Kabor\u00e9, cuyo paradero se desconoce. Los soldados se alzaron en varias bases de este pa\u00eds africano el domingo, pidiendo la salida de la c\u00fapula militar y m\u00e1s recursos para luchar contra los grupos yihadistas que asolan al pa\u00eds desde 2015.<\/p>\n<p>Kabor\u00e9, que estaba en el poder desde 2015 y fue reelegido cinco a\u00f1os despu\u00e9s con la promesa de convertir en prioridad la lucha contra los yihadistas, es blanco de cr\u00edticas por el fracaso de su pol\u00edtica para frenar la violencia de los extremistas.<\/p>\n<p>El partido del presidente, el Movimiento del Pueblo por el Progreso (MPP), afirm\u00f3 que Kabor\u00e9 fue victima de &#8220;un intento de asesinato fallido&#8221;, tras las informaciones de que el mandatario estaba detenido. El MPP denunci\u00f3 que la residencia del mandatario fue &#8220;saqueada&#8221;.<\/p>\n<p>Un corresponsal de la agencia de noticias AFP constat\u00f3 que fuera de la residencia hab\u00eda veh\u00edculos baleados y trazas de sangre. Anteriormente hubo reportes contradictorios sobre el paradero de Kabor\u00e9.<\/p>\n<p>Una fuente de seguridad indic\u00f3 a la AFP que el presidente, el jefe del parlamento, Alassane Bala Sakand\u00e9, y algunos miembros del gabinete est\u00e1n en manos de los soldados.<\/p>\n<p>Esta informaci\u00f3n fue confirmada por otra fuente de seguridad, pero un miembro del gobierno inform\u00f3 que el mandatario fue &#8220;exfiltrado&#8221; de su hogar por su guardia, antes de la llegada de hombres armados que dispararon a su comitiva.<\/p>\n<p>Con informaci\u00f3n de Milenio Noticias<\/p>\n","protected":false},"excerpt":{"rendered":"<p>Los militares de Burkina Faso anunciaron el lunes por televisi\u00f3n que tomaron el poder tras un alzamiento en el pa\u00eds africano debido a las cr\u00edticas al Presidente por su fracaso para contener el auge de los yihadistas. Los golpistas con uniforme de camuflaje anunciaron en la televisi\u00f3n el &#8220;fin del mandato&#8221; del presidente Roch Marc &hellip;<\/p>\n","protected":false},"author":6,"featured_media":14506,"comment_status":"open","ping_status":"closed","sticky":false,"template":"","format":"standard","meta":[],"categories":[40],"tags":[3990,405,3991,706,260],"_links":{"self":[{"href":"https:\/\/www.elgrillitosuena.com\/inicio\/wp-json\/wp\/v2\/posts\/14505"}],"collection":[{"href":"https:\/\/www.elgrillitosuena.com\/inicio\/wp-json\/wp\/v2\/posts"}],"about":[{"href":"https:\/\/www.elgrillitosuena.com\/inicio\/wp-json\/wp\/v2\/types\/post"}],"author":[{"embeddable":true,"href":"https:\/\/www.elgrillitosuena.com\/inicio\/wp-json\/wp\/v2\/users\/6"}],"replies":[{"embeddable":true,"href":"https:\/\/www.elgrillitosuena.com\/inicio\/wp-json\/wp\/v2\/comments?post=14505"}],"version-history":[{"count":1,"href":"https:\/\/www.elgrillitosuena.com\/inicio\/wp-json\/wp\/v2\/posts\/14505\/revisions"}],"predecessor-version":[{"id":14507,"href":"https:\/\/www.elgrillitosuena.com\/inicio\/wp-json\/wp\/v2\/posts\/14505\/revisions\/14507"}],"wp:featuredmedia":[{"embeddable":true,"href":"https:\/\/www.elgrillitosuena.com\/inicio\/wp-json\/wp\/v2\/media\/14506"}],"wp:attachment":[{"href":"https:\/\/www.elgrillitosuena.com\/inicio\/wp-json\/wp\/v2\/media?parent=14505"}],"wp:term":[{"taxonomy":"category","embeddable":true,"href":"https:\/\/www.elgrillitosuena.com\/inicio\/wp-json\/wp\/v2\/categories?post=14505"},{"taxonomy":"post_tag","embeddable":true,"href":"https:\/\/www.elgrillitosuena.com\/inicio\/wp-json\/wp\/v2\/tags?post=14505"}],"curies":[{"name":"wp","href":"https:\/\/api.w.org\/{rel}","templated":true}]}}