{"id":14502,"date":"2022-01-25T16:16:44","date_gmt":"2022-01-25T16:16:44","guid":{"rendered":"https:\/\/www.elgrillitosuena.com\/inicio\/?p=14502"},"modified":"2022-01-25T16:16:44","modified_gmt":"2022-01-25T16:16:44","slug":"lourdes-maldonado-no-permitimos-la-impunidad-vamos-a-aclarar-promete-amlo","status":"publish","type":"post","link":"https:\/\/www.elgrillitosuena.com\/inicio\/noticias\/mexico\/lourdes-maldonado-no-permitimos-la-impunidad-vamos-a-aclarar-promete-amlo\/","title":{"rendered":"Lourdes Maldonado: &#8220;No permitimos la impunidad; vamos a aclarar&#8221;, promete AMLO"},"content":{"rendered":"<p><img decoding=\"async\" src=\"https:\/\/www.radioformula.com.mx\/u\/fotografias\/m\/2022\/1\/25\/f960x540-317156_391231_0.jpg\" alt=\"El presidente L\u00f3pez Obrador que el caso de Lourdes Maldonado se investigar\u00e1 a fondo.\" \/><\/p>\n<p>El presidente<strong>\u00a0Andr\u00e9s Manuel L\u00f3pez Obrador<\/strong>\u00a0asegur\u00f3 este martes que ante el asesinato de la periodista Lourdes Maldonado, la Cuarta Transformaci\u00f3n investigar\u00e1 a fondo lo sucedido porque no se permite la impunidad.<\/p>\n<p>&#8220;En el caso de la compa\u00f1era que fue asesinada en Tijuana he dado ya instrucciones porque vamos a llevar a cabo una investigaci\u00f3n a fondo. La diferencia, y es una ventaja, es que nosotros no permitimos la impunidad&#8221;, dijo en la &#8216;ma\u00f1anera&#8217;.<\/p>\n<p>Asimismo, proyect\u00f3 en la conferencia matutina el fragmento del video en el que se observa a Maldonado<strong>\u00a0pidi\u00e9ndole ayuda al titular del Ejecutivo para atender su caso<\/strong>, adem\u00e1s, refiri\u00f3 que el Gobierno est\u00e1 obligado a aclarar lo sucedido.<\/p>\n<p>&#8220;Ayer estaba viendo, y como son tiempos de zopilotes, hablaban que aqu\u00ed estuvo compa\u00f1era. En efecto, y estuvo aqu\u00ed haciendo su denuncia como vienen todos (&#8230;), pero s\u00ed me importa mucho que la gente se entere, que quienes nos ven conozcan qu\u00e9\u00a0fue lo que sucedi\u00f3 porque no se contextualiz\u00f3, no se saben antecedentes&#8221;, remarc\u00f3.<\/p>\n<p>Lourdes Maldonado L\u00f3pez\u00a0fue asesinada la\u00a0noche del domingo de un balazo\u00a0cuando sal\u00eda de su casa en Santa Fe, en Tijuana.<\/p>\n<p>La comunicadora habr\u00eda enfrentado un litigio laboral en Baja California que involucra al exgobernador\u00a0Jaime Bonilla. D\u00edas antes hab\u00eda sido notificada de haber ganado este proceso\u00a0que data de nueve a\u00f1os.<\/p>\n<p>En 2019, Maldonado advirti\u00f3\u00a0al presidente\u00a0L\u00f3pez Obrador\u00a0sobre la existencia de amenazas contra su vida tras haber impuesto esta demanda laboral contra la empresa de radio y televisi\u00f3n vinculada con Bonilla.<\/p>\n<p>&#8220;Vengo tambi\u00e9n aqu\u00ed para pedirle apoyo, ayuda y justicia laboral, porque hasta temo por mi vida, porque se trata de un pleito que tengo seis a\u00f1os con \u00e9l y que sali\u00f3 el laudo a mi favor en la Junta Federal de Conciliaci\u00f3n&#8221;, dijo al mandatario federal en la conferencia de prensa del 26 de marzo de 2019.<\/p>\n<p>Al respecto, el mandatario federal lament\u00f3 el asesinato de la periodista\u00a0y, asegur\u00f3, que no es responsable adelantar ning\u00fan juicio sobre los hechos registrados.<\/p>\n<p>&#8220;Podemos investigar y llegar a fondo porque somos libres y en este caso\u00a0lo vamos a hacer&#8221;, indic\u00f3.<\/p>\n<p>Con informaci\u00f3n de Radio F\u00f3rmula<\/p>\n","protected":false},"excerpt":{"rendered":"<p>El presidente\u00a0Andr\u00e9s Manuel L\u00f3pez Obrador\u00a0asegur\u00f3 este martes que ante el asesinato de la periodista Lourdes Maldonado, la Cuarta Transformaci\u00f3n investigar\u00e1 a fondo lo sucedido porque no se permite la impunidad. &#8220;En el caso de la compa\u00f1era que fue asesinada en Tijuana he dado ya instrucciones porque vamos a llevar a cabo una investigaci\u00f3n a fondo. &hellip;<\/p>\n","protected":false},"author":6,"featured_media":14503,"comment_status":"open","ping_status":"closed","sticky":false,"template":"","format":"standard","meta":[],"categories":[39],"tags":[98,238,3989,3973],"_links":{"self":[{"href":"https:\/\/www.elgrillitosuena.com\/inicio\/wp-json\/wp\/v2\/posts\/14502"}],"collection":[{"href":"https:\/\/www.elgrillitosuena.com\/inicio\/wp-json\/wp\/v2\/posts"}],"about":[{"href":"https:\/\/www.elgrillitosuena.com\/inicio\/wp-json\/wp\/v2\/types\/post"}],"author":[{"embeddable":true,"href":"https:\/\/www.elgrillitosuena.com\/inicio\/wp-json\/wp\/v2\/users\/6"}],"replies":[{"embeddable":true,"href":"https:\/\/www.elgrillitosuena.com\/inicio\/wp-json\/wp\/v2\/comments?post=14502"}],"version-history":[{"count":1,"href":"https:\/\/www.elgrillitosuena.com\/inicio\/wp-json\/wp\/v2\/posts\/14502\/revisions"}],"predecessor-version":[{"id":14504,"href":"https:\/\/www.elgrillitosuena.com\/inicio\/wp-json\/wp\/v2\/posts\/14502\/revisions\/14504"}],"wp:featuredmedia":[{"embeddable":true,"href":"https:\/\/www.elgrillitosuena.com\/inicio\/wp-json\/wp\/v2\/media\/14503"}],"wp:attachment":[{"href":"https:\/\/www.elgrillitosuena.com\/inicio\/wp-json\/wp\/v2\/media?parent=14502"}],"wp:term":[{"taxonomy":"category","embeddable":true,"href":"https:\/\/www.elgrillitosuena.com\/inicio\/wp-json\/wp\/v2\/categories?post=14502"},{"taxonomy":"post_tag","embeddable":true,"href":"https:\/\/www.elgrillitosuena.com\/inicio\/wp-json\/wp\/v2\/tags?post=14502"}],"curies":[{"name":"wp","href":"https:\/\/api.w.org\/{rel}","templated":true}]}}