{"id":14499,"date":"2022-01-25T16:12:18","date_gmt":"2022-01-25T16:12:18","guid":{"rendered":"https:\/\/www.elgrillitosuena.com\/inicio\/?p=14499"},"modified":"2022-01-25T16:12:18","modified_gmt":"2022-01-25T16:12:18","slug":"lopez-gatell-asegura-que-mexico-esta-cerca-de-lograr-inmunidad-covid-19","status":"publish","type":"post","link":"https:\/\/www.elgrillitosuena.com\/inicio\/noticias\/mexico\/lopez-gatell-asegura-que-mexico-esta-cerca-de-lograr-inmunidad-covid-19\/","title":{"rendered":"L\u00f3pez-Gatell asegura que M\u00e9xico est\u00e1 cerca de lograr inmunidad Covid-19"},"content":{"rendered":"<p><img decoding=\"async\" src=\"https:\/\/heraldodemexico.com.mx\/u\/fotografias\/m\/2022\/1\/25\/f960x540-469974_544049_0.jpg\" alt=\"L\u00f3pez-Gatell durante la Ma\u00f1anera. Foto: Cuartoscuro\" \/><\/p>\n<p>En\u00a0la Ma\u00f1anera\u00a0de este martes, el titular de la Subsecretar\u00eda de Prevenci\u00f3n y Promoci\u00f3n de la Salud,\u00a0<strong>Hugo L\u00f3pez-Gatell<\/strong>\u00a0asegur\u00f3 que\u00a0<strong>M\u00e9xico est\u00e1 cerca de lograr la inmunidad ante el Covid-19\u00a0<\/strong>debido a la continuidad de la campa\u00f1a de vacunaci\u00f3n que ha derivado en que se presente una intensidad del 70 por ciento menor respecto a la segunda ola de contagios que fue la m\u00e1s severa durante la pandemia.<\/p>\n<p>El funcionario inform\u00f3 que que hay cambios positivos con\u00a0el avance de la vacunaci\u00f3n, detall\u00f3 que en las\u00a0<strong>primeras tres semanas de 2022 hubo aumento de casos<\/strong>\u00a0debido a la presencia de la variante\u00a0<strong>\u00d3micron<\/strong>; sin embargo, en la\u00a0<strong>semana cuatro solo hay un incremento<\/strong>\u00a0del 12 por ciento, es \u201cun cambio muy sustancial y reduce la cantidad de casos estimados que son activos de 5.9 por ciento\u201d, precis\u00f3.<\/p>\n<p>Agreg\u00f3 que de mantenerse dicha tendencia, se traducir\u00eda como el inicio de un cambio de\u00a0<strong>reducci\u00f3n de contagios<\/strong>, \u201cen las hospitalizaciones hay una i<strong>ntensidad de 70 por ciento menor<\/strong>\u00a0de lo que se alcanz\u00f3 en la\u00a0<strong>segunda curva epid\u00e9mica<\/strong>\u201d, afirm\u00f3.<\/p>\n<p>Por lo anterior, L\u00f3pez-Gatell asegur\u00f3\u00a0que con la aplicaci\u00f3n de vacunas y ante el contagio menos da\u00f1ino de \u00d3micron,\u00a0se puede hablar de un<strong>\u00a0proceso de inmunidad<\/strong>\u00a0no solo en M\u00e9xico, sino\u00a0en el mundo.<\/p>\n<blockquote><p>&#8220;Por la gran cantidad de personas vacunadas, (ahora es) una epidemia m\u00e1s manejable pero no deseable, lo que causa inmunidad a las personas que contribuye al fin del periodo epid\u00e9mico en el mundo y en M\u00e9xico&#8221;, acot\u00f3 L\u00f3pez-Gatell.<\/p><\/blockquote>\n<h2>Van m\u00e1s de 161 millones de vacunas aplicadas<\/h2>\n<p>Hugo L\u00f3pez-Gatell detall\u00f3 que en M\u00e9xico han sido administradas 161 millones 466 mil 948 dosis de vacunas desde que empez\u00f3 el programa a finales de 2020. Y\u00a0van\u00a0<strong>83.4 millones de personas vacunadas<\/strong>, de los cuales<strong>\u00a093 por ciento ya cuentan con el esquema completo.<\/strong><\/p>\n<p>Agreg\u00f3 que la<strong>\u00a0cobertura total a nivel nacional es de 89 por ciento<\/strong>, \u201cmuy por arriba de lo que se hab\u00eda anticipado donde solo el 75 por ciento de las personas desear\u00edan ser vacunada\u201d.<\/p>\n<p>Asimismo, el subsecretario de Salud, indic\u00f3 que en la\u00a0<strong>Ciudad de M\u00e9xico<\/strong>\u00a0hay\u00a0<strong>325 personas que est\u00e1n hospitalizadas<\/strong>, de las cuales\u00a0<strong>254 no hab\u00edan sido vacunadas<\/strong>, por lo que enfatiz\u00f3 en la importancia de acudir a vacunarse, \u201clas personas que difieren en vacunarse o completar sus esquemas son las que presentan mayor riesgo. La presencia de enfermedades cr\u00f3nicas corren mayor riesgo y la vacuna tiene mayor beneficio\u201d.<\/p>\n<h2>Las escuelas siguen como un lugar seguro contra contagios<\/h2>\n<p>L\u00f3pez-Gatell asever\u00f3 que las\u00a0<strong>escuelas no son centros de contagios Covid-19<\/strong>, dijo que la tendencia de incremento de casos en menores no se dispara particularmente en esas edades, por lo que se mantiene el mismo porcentaje de representaci\u00f3n, precis\u00f3 que\u00a0<strong>s\u00f3lo 303 escuelas de las m\u00e1s de 114 mil planteles<\/strong>\u00a0que participan en el programa de monitoreo de la Secretar\u00eda de Salud han\u00a0<strong>reportado casos de contagios.<\/strong><\/p>\n<p>Con informaci\u00f3n de Heraldo de M\u00e9xico<\/p>\n<div class=\"widget widget-twitter\"><\/div>\n","protected":false},"excerpt":{"rendered":"<p>En\u00a0la Ma\u00f1anera\u00a0de este martes, el titular de la Subsecretar\u00eda de Prevenci\u00f3n y Promoci\u00f3n de la Salud,\u00a0Hugo L\u00f3pez-Gatell\u00a0asegur\u00f3 que\u00a0M\u00e9xico est\u00e1 cerca de lograr la inmunidad ante el Covid-19\u00a0debido a la continuidad de la campa\u00f1a de vacunaci\u00f3n que ha derivado en que se presente una intensidad del 70 por ciento menor respecto a la segunda ola de &hellip;<\/p>\n","protected":false},"author":6,"featured_media":14500,"comment_status":"open","ping_status":"closed","sticky":false,"template":"","format":"standard","meta":[],"categories":[39],"tags":[165,711,156],"_links":{"self":[{"href":"https:\/\/www.elgrillitosuena.com\/inicio\/wp-json\/wp\/v2\/posts\/14499"}],"collection":[{"href":"https:\/\/www.elgrillitosuena.com\/inicio\/wp-json\/wp\/v2\/posts"}],"about":[{"href":"https:\/\/www.elgrillitosuena.com\/inicio\/wp-json\/wp\/v2\/types\/post"}],"author":[{"embeddable":true,"href":"https:\/\/www.elgrillitosuena.com\/inicio\/wp-json\/wp\/v2\/users\/6"}],"replies":[{"embeddable":true,"href":"https:\/\/www.elgrillitosuena.com\/inicio\/wp-json\/wp\/v2\/comments?post=14499"}],"version-history":[{"count":1,"href":"https:\/\/www.elgrillitosuena.com\/inicio\/wp-json\/wp\/v2\/posts\/14499\/revisions"}],"predecessor-version":[{"id":14501,"href":"https:\/\/www.elgrillitosuena.com\/inicio\/wp-json\/wp\/v2\/posts\/14499\/revisions\/14501"}],"wp:featuredmedia":[{"embeddable":true,"href":"https:\/\/www.elgrillitosuena.com\/inicio\/wp-json\/wp\/v2\/media\/14500"}],"wp:attachment":[{"href":"https:\/\/www.elgrillitosuena.com\/inicio\/wp-json\/wp\/v2\/media?parent=14499"}],"wp:term":[{"taxonomy":"category","embeddable":true,"href":"https:\/\/www.elgrillitosuena.com\/inicio\/wp-json\/wp\/v2\/categories?post=14499"},{"taxonomy":"post_tag","embeddable":true,"href":"https:\/\/www.elgrillitosuena.com\/inicio\/wp-json\/wp\/v2\/tags?post=14499"}],"curies":[{"name":"wp","href":"https:\/\/api.w.org\/{rel}","templated":true}]}}