{"id":14483,"date":"2022-01-25T15:51:16","date_gmt":"2022-01-25T15:51:16","guid":{"rendered":"https:\/\/www.elgrillitosuena.com\/inicio\/?p=14483"},"modified":"2022-01-25T15:51:16","modified_gmt":"2022-01-25T15:51:16","slug":"bedolla-y-sheinbaum-firman-convenio-de-coordinacion-en-materia-de-gobierno-digital","status":"publish","type":"post","link":"https:\/\/www.elgrillitosuena.com\/inicio\/noticias\/michoacan\/bedolla-y-sheinbaum-firman-convenio-de-coordinacion-en-materia-de-gobierno-digital\/","title":{"rendered":"Bedolla y Sheinbaum firman convenio de coordinaci\u00f3n en materia de gobierno digital"},"content":{"rendered":"<p><img decoding=\"async\" loading=\"lazy\" class=\"alignnone  wp-image-14484\" src=\"https:\/\/www.elgrillitosuena.com\/inicio\/wp-content\/uploads\/2022\/01\/WhatsApp-Image-2022-01-25-at-7.44.04-AM-300x200.jpeg\" alt=\"\" width=\"713\" height=\"475\" srcset=\"https:\/\/www.elgrillitosuena.com\/inicio\/wp-content\/uploads\/2022\/01\/WhatsApp-Image-2022-01-25-at-7.44.04-AM-300x200.jpeg 300w, https:\/\/www.elgrillitosuena.com\/inicio\/wp-content\/uploads\/2022\/01\/WhatsApp-Image-2022-01-25-at-7.44.04-AM-1024x682.jpeg 1024w, https:\/\/www.elgrillitosuena.com\/inicio\/wp-content\/uploads\/2022\/01\/WhatsApp-Image-2022-01-25-at-7.44.04-AM-768x512.jpeg 768w, https:\/\/www.elgrillitosuena.com\/inicio\/wp-content\/uploads\/2022\/01\/WhatsApp-Image-2022-01-25-at-7.44.04-AM.jpeg 1043w\" sizes=\"(max-width: 713px) 100vw, 713px\" \/><\/p>\n<p>El gobernador Alfredo Ram\u00edrez Bedolla y la jefa de gobierno de la Ciudad de M\u00e9xico, Claudia Sheinbaum Pardo, firmaron convenio de coordinaci\u00f3n para intercambiar experiencias y desarrollos tecnol\u00f3gicos con el prop\u00f3sito de agilizar tr\u00e1mites a las y los ciudadanos, combatir la corrupci\u00f3n y mejorar la funci\u00f3n p\u00fablica.<\/p>\n<p>El mandatario estatal destac\u00f3 que este convenio cobra gran relevancia despu\u00e9s de que el a\u00f1o pasado se aprobara la Ley de Gobierno Digital en Michoac\u00e1n para que todas las administraciones p\u00fablicas, poderes y \u00f3rganos aut\u00f3nomos implementen y desarrollen tecnolog\u00edas para facilitar tr\u00e1mites a la poblaci\u00f3n.<\/p>\n<p>&#8220;Michoac\u00e1n realiza esfuerzos, la brecha digital es enorme y el gran reto que se viene es la adecuada aplicaci\u00f3n de la ley para que no se quede en letra muerta&#8221;, apunt\u00f3.<\/p>\n<p><img decoding=\"async\" loading=\"lazy\" class=\"alignnone  wp-image-14485\" src=\"https:\/\/www.elgrillitosuena.com\/inicio\/wp-content\/uploads\/2022\/01\/WhatsApp-Image-2022-01-25-at-7.44.03-AM-300x200.jpeg\" alt=\"\" width=\"719\" height=\"479\" srcset=\"https:\/\/www.elgrillitosuena.com\/inicio\/wp-content\/uploads\/2022\/01\/WhatsApp-Image-2022-01-25-at-7.44.03-AM-300x200.jpeg 300w, https:\/\/www.elgrillitosuena.com\/inicio\/wp-content\/uploads\/2022\/01\/WhatsApp-Image-2022-01-25-at-7.44.03-AM-1024x682.jpeg 1024w, https:\/\/www.elgrillitosuena.com\/inicio\/wp-content\/uploads\/2022\/01\/WhatsApp-Image-2022-01-25-at-7.44.03-AM-768x512.jpeg 768w, https:\/\/www.elgrillitosuena.com\/inicio\/wp-content\/uploads\/2022\/01\/WhatsApp-Image-2022-01-25-at-7.44.03-AM.jpeg 1280w\" sizes=\"(max-width: 719px) 100vw, 719px\" \/><\/p>\n<p>Ram\u00edrez Bedolla coment\u00f3 que la administraci\u00f3n estatal ya avanza en este proceso, toda vez que la Secretar\u00eda de Finanzas y Administraci\u00f3n realiza, v\u00eda internet, tr\u00e1mites vehiculares para el canje de placas, y la indicaci\u00f3n es que, todas las dependencias generen sus propios desarrollos de software.<\/p>\n<p>A lo que se dijo convencido de que la digitalizaci\u00f3n es una de las herramientas para combatir la corrupci\u00f3n y los servicios electr\u00f3nicos deben llevarse a todas las localidades sin excepci\u00f3n.<\/p>\n<p>Por su parte la jefa de gobierno de la Ciudad de M\u00e9xico, coment\u00f3 que con este convenio de coordinaci\u00f3n se compartir\u00e1n mecanismos tecnol\u00f3gicos con los cuales se logr\u00f3 crear la agencia digital de innovaci\u00f3n p\u00fablica en la capital del pa\u00eds.<\/p>\n<p><img decoding=\"async\" loading=\"lazy\" class=\"alignnone  wp-image-14486\" src=\"https:\/\/www.elgrillitosuena.com\/inicio\/wp-content\/uploads\/2022\/01\/WhatsApp-Image-2022-01-25-at-7.44.03-AM-1-300x210.jpeg\" alt=\"\" width=\"721\" height=\"505\" srcset=\"https:\/\/www.elgrillitosuena.com\/inicio\/wp-content\/uploads\/2022\/01\/WhatsApp-Image-2022-01-25-at-7.44.03-AM-1-300x210.jpeg 300w, https:\/\/www.elgrillitosuena.com\/inicio\/wp-content\/uploads\/2022\/01\/WhatsApp-Image-2022-01-25-at-7.44.03-AM-1-1024x718.jpeg 1024w, https:\/\/www.elgrillitosuena.com\/inicio\/wp-content\/uploads\/2022\/01\/WhatsApp-Image-2022-01-25-at-7.44.03-AM-1-768x539.jpeg 768w, https:\/\/www.elgrillitosuena.com\/inicio\/wp-content\/uploads\/2022\/01\/WhatsApp-Image-2022-01-25-at-7.44.03-AM-1.jpeg 1280w\" sizes=\"(max-width: 721px) 100vw, 721px\" \/><\/p>\n<p>Explic\u00f3 que con ello, la administraci\u00f3n dej\u00f3 de depender de licencias privadas y desarroll\u00f3 una infraestructura propia con la que se logr\u00f3 conectar a la ciudad con 22 mil sitios de internet adem\u00e1s de centros de innovaci\u00f3n comunitaria para agilizar servicios de expedici\u00f3n de licencias, pago de impuestos y actas del registro civil.<\/p>\n<p>&#8220;Hemos logrado disminuir problemas de ventanilla y corrupci\u00f3n, adem\u00e1s de generar la unidad en el gobierno al crear un propio almacenamiento de datos&#8221;, finaliz\u00f3.<\/p>\n<p>En este evento participaron funcionarios del gabinete legal del estado, diputados locales y federales.<\/p>\n","protected":false},"excerpt":{"rendered":"<p>El gobernador Alfredo Ram\u00edrez Bedolla y la jefa de gobierno de la Ciudad de M\u00e9xico, Claudia Sheinbaum Pardo, firmaron convenio de coordinaci\u00f3n para intercambiar experiencias y desarrollos tecnol\u00f3gicos con el prop\u00f3sito de agilizar tr\u00e1mites a las y los ciudadanos, combatir la corrupci\u00f3n y mejorar la funci\u00f3n p\u00fablica. El mandatario estatal destac\u00f3 que este convenio cobra &hellip;<\/p>\n","protected":false},"author":6,"featured_media":14484,"comment_status":"open","ping_status":"closed","sticky":false,"template":"","format":"standard","meta":[],"categories":[39,38],"tags":[1644,3062,2338,3984],"_links":{"self":[{"href":"https:\/\/www.elgrillitosuena.com\/inicio\/wp-json\/wp\/v2\/posts\/14483"}],"collection":[{"href":"https:\/\/www.elgrillitosuena.com\/inicio\/wp-json\/wp\/v2\/posts"}],"about":[{"href":"https:\/\/www.elgrillitosuena.com\/inicio\/wp-json\/wp\/v2\/types\/post"}],"author":[{"embeddable":true,"href":"https:\/\/www.elgrillitosuena.com\/inicio\/wp-json\/wp\/v2\/users\/6"}],"replies":[{"embeddable":true,"href":"https:\/\/www.elgrillitosuena.com\/inicio\/wp-json\/wp\/v2\/comments?post=14483"}],"version-history":[{"count":1,"href":"https:\/\/www.elgrillitosuena.com\/inicio\/wp-json\/wp\/v2\/posts\/14483\/revisions"}],"predecessor-version":[{"id":14487,"href":"https:\/\/www.elgrillitosuena.com\/inicio\/wp-json\/wp\/v2\/posts\/14483\/revisions\/14487"}],"wp:featuredmedia":[{"embeddable":true,"href":"https:\/\/www.elgrillitosuena.com\/inicio\/wp-json\/wp\/v2\/media\/14484"}],"wp:attachment":[{"href":"https:\/\/www.elgrillitosuena.com\/inicio\/wp-json\/wp\/v2\/media?parent=14483"}],"wp:term":[{"taxonomy":"category","embeddable":true,"href":"https:\/\/www.elgrillitosuena.com\/inicio\/wp-json\/wp\/v2\/categories?post=14483"},{"taxonomy":"post_tag","embeddable":true,"href":"https:\/\/www.elgrillitosuena.com\/inicio\/wp-json\/wp\/v2\/tags?post=14483"}],"curies":[{"name":"wp","href":"https:\/\/api.w.org\/{rel}","templated":true}]}}