{"id":14440,"date":"2022-01-24T17:12:50","date_gmt":"2022-01-24T17:12:50","guid":{"rendered":"https:\/\/www.elgrillitosuena.com\/inicio\/?p=14440"},"modified":"2022-01-24T17:12:50","modified_gmt":"2022-01-24T17:12:50","slug":"pension-del-bienestar-gobierno-evalua-adelantar-pagos-por-veda-electoral","status":"publish","type":"post","link":"https:\/\/www.elgrillitosuena.com\/inicio\/noticias\/mexico\/pension-del-bienestar-gobierno-evalua-adelantar-pagos-por-veda-electoral\/","title":{"rendered":"Pensi\u00f3n del Bienestar: Gobierno eval\u00faa adelantar pagos por veda electoral"},"content":{"rendered":"<p><img decoding=\"async\" src=\"https:\/\/www.radioformula.com.mx\/u\/fotografias\/m\/2022\/1\/24\/f960x540-317020_391095_15.jpeg\" alt=\"El presidente consider\u00f3 que si es necesario adelantar los recursos, se revisar\u00e1 para entregar los recursos.\" \/><\/p>\n<p>\u00bfQu\u00e9 pasar\u00e1 con los pagos de la\u00a0<strong>pensi\u00f3n\u00a0<\/strong><b>del Bienestar<\/b>\u00a0y los programas sociales del Gobierno federal ante la veda electoral? El presidente\u00a0<strong>Andr\u00e9s Manuel L\u00f3pez Obrador<\/strong>\u00a0dijo este lunes que se plantea dar por adelantado los apoyos.<\/p>\n<p>&#8220;(Planteamos) entregar por adelantado los apoyos a adultos mayores, a personas con discapacidad y a estudiantes. Va a haber veda electoral, vamos a revisar la ley. Lo vamos a ver y se tendr\u00eda que dar respuesta&#8221;, se\u00f1al\u00f3 en la &#8216;ma\u00f1anera&#8217;.<\/p>\n<p>En ese sentido, record\u00f3 que en las elecciones intermedias de 2021 se adelantaron los pagos a los beneficiarios, por lo que consider\u00f3 que si es ahora necesario se har\u00e1 de tal forma\u00a0para que lleguen los recursos.<\/p>\n<h2>Pensi\u00f3n del Bienestar: \u00bfqui\u00e9nes pueden recibirla y c\u00f3mo tramitar la tarjeta?<\/h2>\n<p>El Gobierno de M\u00e9xico entrega la\u00a0<strong>Pensi\u00f3n del Bienestar\u00a0de los adultos mayores<\/strong>\u00a0a trav\u00e9s de la\u00a0Secretar\u00eda del Bienestar, este programa apoya a los adultos con m\u00e1s de 65 a\u00f1os.<\/p>\n<p>Seg\u00fan el informe de la Secretar\u00eda, para este 2022\u00a0la cantidad a cobrar ser\u00e1 de 3 mil 850 pesos cada dos meses, lo que significa un aumento de 20 por ciento respecto al a\u00f1o anterior.<\/p>\n<p>Los recursos destinados para la,\u00a0Pensi\u00f3n para el Bienestar de las Personas Adultas Mayores, en el primer bimestre de 2022 es de 35 mil 278 millones de pesos para un total de nueve millones 196 mil 358 derechohabientes.<\/p>\n<h2>\u00bfQui\u00e9nes pueden registrarse en la Pensi\u00f3n del Bienestar?<\/h2>\n<p>La edad m\u00ednima para registrarse en el programa de la &#8220;Pensi\u00f3n del Bienestar&#8221;\u00a0es a partir de los 65 a\u00f1os y deber\u00e1n presentar una identificaci\u00f3n oficial y su Clave \u00danica de Registro de Poblaci\u00f3n (CURP).<\/p>\n<p>Las personas provenientes de\u00a0comunidades ind\u00edgenas tendr\u00e1n que mostrar un documento que demuestre que pertenecen a un pueblo catalogado como tal a fin de ser acreedores de la p<strong>ensi\u00f3n del Bienestar<\/strong>.<\/p>\n<p>Con informaci\u00f3n de Radio F\u00f3rmula<\/p>\n","protected":false},"excerpt":{"rendered":"<p>\u00bfQu\u00e9 pasar\u00e1 con los pagos de la\u00a0pensi\u00f3n\u00a0del Bienestar\u00a0y los programas sociales del Gobierno federal ante la veda electoral? El presidente\u00a0Andr\u00e9s Manuel L\u00f3pez Obrador\u00a0dijo este lunes que se plantea dar por adelantado los apoyos. &#8220;(Planteamos) entregar por adelantado los apoyos a adultos mayores, a personas con discapacidad y a estudiantes. Va a haber veda electoral, vamos &hellip;<\/p>\n","protected":false},"author":6,"featured_media":14441,"comment_status":"open","ping_status":"closed","sticky":false,"template":"","format":"standard","meta":[],"categories":[39],"tags":[3976,98,2161,3975],"_links":{"self":[{"href":"https:\/\/www.elgrillitosuena.com\/inicio\/wp-json\/wp\/v2\/posts\/14440"}],"collection":[{"href":"https:\/\/www.elgrillitosuena.com\/inicio\/wp-json\/wp\/v2\/posts"}],"about":[{"href":"https:\/\/www.elgrillitosuena.com\/inicio\/wp-json\/wp\/v2\/types\/post"}],"author":[{"embeddable":true,"href":"https:\/\/www.elgrillitosuena.com\/inicio\/wp-json\/wp\/v2\/users\/6"}],"replies":[{"embeddable":true,"href":"https:\/\/www.elgrillitosuena.com\/inicio\/wp-json\/wp\/v2\/comments?post=14440"}],"version-history":[{"count":1,"href":"https:\/\/www.elgrillitosuena.com\/inicio\/wp-json\/wp\/v2\/posts\/14440\/revisions"}],"predecessor-version":[{"id":14442,"href":"https:\/\/www.elgrillitosuena.com\/inicio\/wp-json\/wp\/v2\/posts\/14440\/revisions\/14442"}],"wp:featuredmedia":[{"embeddable":true,"href":"https:\/\/www.elgrillitosuena.com\/inicio\/wp-json\/wp\/v2\/media\/14441"}],"wp:attachment":[{"href":"https:\/\/www.elgrillitosuena.com\/inicio\/wp-json\/wp\/v2\/media?parent=14440"}],"wp:term":[{"taxonomy":"category","embeddable":true,"href":"https:\/\/www.elgrillitosuena.com\/inicio\/wp-json\/wp\/v2\/categories?post=14440"},{"taxonomy":"post_tag","embeddable":true,"href":"https:\/\/www.elgrillitosuena.com\/inicio\/wp-json\/wp\/v2\/tags?post=14440"}],"curies":[{"name":"wp","href":"https:\/\/api.w.org\/{rel}","templated":true}]}}