{"id":14254,"date":"2022-01-18T17:04:15","date_gmt":"2022-01-18T17:04:15","guid":{"rendered":"https:\/\/www.elgrillitosuena.com\/inicio\/?p=14254"},"modified":"2022-01-19T17:08:40","modified_gmt":"2022-01-19T17:08:40","slug":"uruapan-se-ilumina-con-otras-1000-lamparas","status":"publish","type":"post","link":"https:\/\/www.elgrillitosuena.com\/inicio\/noticias\/uruapan\/uruapan-se-ilumina-con-otras-1000-lamparas\/","title":{"rendered":"Uruapan se ilumina con otras 1000 l\u00e1mparas"},"content":{"rendered":"<p><img decoding=\"async\" loading=\"lazy\" class=\"alignnone  wp-image-14255\" src=\"https:\/\/www.elgrillitosuena.com\/inicio\/wp-content\/uploads\/2022\/01\/WhatsApp-Image-2022-01-19-at-10.56.34-AM-300x200.jpeg\" alt=\"\" width=\"693\" height=\"462\" srcset=\"https:\/\/www.elgrillitosuena.com\/inicio\/wp-content\/uploads\/2022\/01\/WhatsApp-Image-2022-01-19-at-10.56.34-AM-300x200.jpeg 300w, https:\/\/www.elgrillitosuena.com\/inicio\/wp-content\/uploads\/2022\/01\/WhatsApp-Image-2022-01-19-at-10.56.34-AM-768x512.jpeg 768w, https:\/\/www.elgrillitosuena.com\/inicio\/wp-content\/uploads\/2022\/01\/WhatsApp-Image-2022-01-19-at-10.56.34-AM.jpeg 1024w\" sizes=\"(max-width: 693px) 100vw, 693px\" \/><\/p>\n<p>Este d\u00eda var\u00edas comunidades de Uruapan han visto llegar la luz, y con ello mejorar sus condiciones de vida; sobre todo, en materia de seguridad, al terminar de instalarse las primeras mil del programa &#8220;Iluminando Uruapan&#8221; que impulsa el gobierno de Ignacio Campos Equihua, y que contempla la colocaci\u00f3n de 7 mil l\u00e1mparas de alta tecnolog\u00eda.<\/p>\n<p><img decoding=\"async\" loading=\"lazy\" class=\"alignnone  wp-image-14256\" src=\"https:\/\/www.elgrillitosuena.com\/inicio\/wp-content\/uploads\/2022\/01\/WhatsApp-Image-2022-01-19-at-10.56.35-AM-300x225.jpeg\" alt=\"\" width=\"697\" height=\"523\" srcset=\"https:\/\/www.elgrillitosuena.com\/inicio\/wp-content\/uploads\/2022\/01\/WhatsApp-Image-2022-01-19-at-10.56.35-AM-300x225.jpeg 300w, https:\/\/www.elgrillitosuena.com\/inicio\/wp-content\/uploads\/2022\/01\/WhatsApp-Image-2022-01-19-at-10.56.35-AM-768x576.jpeg 768w, https:\/\/www.elgrillitosuena.com\/inicio\/wp-content\/uploads\/2022\/01\/WhatsApp-Image-2022-01-19-at-10.56.35-AM.jpeg 1024w\" sizes=\"(max-width: 697px) 100vw, 697px\" \/><\/p>\n<p>Al respecto, la directora de Alumbrado P\u00fablico, Marlla Monta\u00f1o Mendoza, detall\u00f3 que los primeros beneficiados son los habitantes de las comunidades ind\u00edgenas, con quienes se salda una deuda hist\u00f3rica.<\/p>\n<p>Dijo que se instala un iluminado eficiente, de servicio continuo, ecol\u00f3gico y m\u00e1s barato, con menos consumo de energ\u00eda; adem\u00e1s de que los beneficiarios no aportan ni en dinero ni en especie, porque todo es con recursos propios del ayuntamiento.<\/p>\n<p><img decoding=\"async\" loading=\"lazy\" class=\"alignnone  wp-image-14257\" src=\"https:\/\/www.elgrillitosuena.com\/inicio\/wp-content\/uploads\/2022\/01\/WhatsApp-Image-2022-01-19-at-10.56.35-AM-1-300x170.jpeg\" alt=\"\" width=\"699\" height=\"396\" srcset=\"https:\/\/www.elgrillitosuena.com\/inicio\/wp-content\/uploads\/2022\/01\/WhatsApp-Image-2022-01-19-at-10.56.35-AM-1-300x170.jpeg 300w, https:\/\/www.elgrillitosuena.com\/inicio\/wp-content\/uploads\/2022\/01\/WhatsApp-Image-2022-01-19-at-10.56.35-AM-1-768x436.jpeg 768w, https:\/\/www.elgrillitosuena.com\/inicio\/wp-content\/uploads\/2022\/01\/WhatsApp-Image-2022-01-19-at-10.56.35-AM-1.jpeg 1024w\" sizes=\"(max-width: 699px) 100vw, 699px\" \/><\/p>\n<p>Hasta este momento, en Corupo se han instalado 183; en San Lorenzo 330; Capacuaro 193; Cheranguer\u00e1n 30; en Tiamba 84; La Basilia 125 y Matanguar\u00e1n 55, para extender el programa ahora a las comunidades del sur de Uruapan.<\/p>\n","protected":false},"excerpt":{"rendered":"<p>Este d\u00eda var\u00edas comunidades de Uruapan han visto llegar la luz, y con ello mejorar sus condiciones de vida; sobre todo, en materia de seguridad, al terminar de instalarse las primeras mil del programa &#8220;Iluminando Uruapan&#8221; que impulsa el gobierno de Ignacio Campos Equihua, y que contempla la colocaci\u00f3n de 7 mil l\u00e1mparas de alta &hellip;<\/p>\n","protected":false},"author":6,"featured_media":14255,"comment_status":"open","ping_status":"closed","sticky":false,"template":"","format":"standard","meta":[],"categories":[37],"tags":[743,751,1588],"_links":{"self":[{"href":"https:\/\/www.elgrillitosuena.com\/inicio\/wp-json\/wp\/v2\/posts\/14254"}],"collection":[{"href":"https:\/\/www.elgrillitosuena.com\/inicio\/wp-json\/wp\/v2\/posts"}],"about":[{"href":"https:\/\/www.elgrillitosuena.com\/inicio\/wp-json\/wp\/v2\/types\/post"}],"author":[{"embeddable":true,"href":"https:\/\/www.elgrillitosuena.com\/inicio\/wp-json\/wp\/v2\/users\/6"}],"replies":[{"embeddable":true,"href":"https:\/\/www.elgrillitosuena.com\/inicio\/wp-json\/wp\/v2\/comments?post=14254"}],"version-history":[{"count":1,"href":"https:\/\/www.elgrillitosuena.com\/inicio\/wp-json\/wp\/v2\/posts\/14254\/revisions"}],"predecessor-version":[{"id":14258,"href":"https:\/\/www.elgrillitosuena.com\/inicio\/wp-json\/wp\/v2\/posts\/14254\/revisions\/14258"}],"wp:featuredmedia":[{"embeddable":true,"href":"https:\/\/www.elgrillitosuena.com\/inicio\/wp-json\/wp\/v2\/media\/14255"}],"wp:attachment":[{"href":"https:\/\/www.elgrillitosuena.com\/inicio\/wp-json\/wp\/v2\/media?parent=14254"}],"wp:term":[{"taxonomy":"category","embeddable":true,"href":"https:\/\/www.elgrillitosuena.com\/inicio\/wp-json\/wp\/v2\/categories?post=14254"},{"taxonomy":"post_tag","embeddable":true,"href":"https:\/\/www.elgrillitosuena.com\/inicio\/wp-json\/wp\/v2\/tags?post=14254"}],"curies":[{"name":"wp","href":"https:\/\/api.w.org\/{rel}","templated":true}]}}