{"id":13538,"date":"2022-01-03T18:33:34","date_gmt":"2022-01-03T18:33:34","guid":{"rendered":"https:\/\/www.elgrillitosuena.com\/inicio\/?p=13538"},"modified":"2022-01-03T18:33:34","modified_gmt":"2022-01-03T18:33:34","slug":"cual-es-el-origen-de-los-tres-reyes-magos","status":"publish","type":"post","link":"https:\/\/www.elgrillitosuena.com\/inicio\/noticias\/cultura\/cual-es-el-origen-de-los-tres-reyes-magos\/","title":{"rendered":"\u00bfCu\u00e1l es el origen de los tres Reyes Magos?"},"content":{"rendered":"<p><img decoding=\"async\" src=\"https:\/\/dam.ngenespanol.com\/wp-content\/uploads\/2020\/01\/reyes-magos-770x395.jpg\" alt=\"reyes magos\" \/><\/p>\n<p>La fiesta de los Reyes Magos es com\u00fanmente llamada \u00abEpifan\u00eda\u00bb, palabra que en griego significa \u00abmanifestaci\u00f3n\u00bb, en el sentido de que Dios se revela y se da a conocer. Esta festividad se celebra el 6 de enero en diferentes partes del mundo.<\/p>\n<p>La iglesia celebra como Epifan\u00edas<b>\u00a0tres manifestaciones de la vida de Jes\u00fas<\/b>:<\/p>\n<ul>\n<li>La Epifan\u00eda ante los magos de oriente (manifestaci\u00f3n a los paganos).<\/li>\n<\/ul>\n<p>El t\u00e9rmino \u00abmago\u00bb hac\u00eda referencia a los \u00absabios\u00bb en la antig\u00fcedad.\u00a0En este caso\u00a0fueron hombres sabios que vinieron \u00abdel Este\u00bb. Esto pudo haber sido una referencia de lugares como Arabia, Mesopotamia o alg\u00fan lugar m\u00e1s al este de Palestina.<\/p>\n<ul>\n<li>Epifan\u00eda del Bautismo del Se\u00f1or (manifestaci\u00f3n a los jud\u00edos).<\/li>\n<li>La Epifan\u00eda de las bodas de Can\u00e1 (manifestaci\u00f3n a sus disc\u00edpulos).<\/li>\n<\/ul>\n<p><img decoding=\"async\" src=\"https:\/\/dam.ngenespanol.com\/wp-content\/uploads\/2020\/01\/reyes-magos-3.jpg\" alt=\"reyes magos\" \/><\/p>\n<p>En el Evangelio de Mateo se cuenta que \u00abNacido Jes\u00fas en Bel\u00e9n de Judea, en tiempo del rey Herodes, unos magos que ven\u00edan del Oriente se presentaron en Jerusal\u00e9n, diciendo: \u00ab\u00bfD\u00f3nde est\u00e1 el Rey de los jud\u00edos que ha nacido? Pues vimos su estrella en el Oriente y hemos venido a adorarle\u00bb.<\/p>\n<p>Los expertos afirman que el hecho de que los guiara una estrella, sugiere que estaban instruidos en astrolog\u00eda o en la ciencia de la navegaci\u00f3n y en el c\u00e1lculo del tiempo por medio de las configuraciones estelares.<\/p>\n<h3>En la antigua astrolog\u00eda, J\u00fapiter era considerado como la estrella del Pr\u00edncipe del mundo.<\/h3>\n<p>Los\u00a0<b>magos<\/b>\u00a0aparecen, en su primera \u00e9poca, como una<b>\u00a0casta sacerdotal de Media y Persia<\/b>. Adem\u00e1s se dedicaban al estudio de la sabidur\u00eda. Fue el escritor y te\u00f3logo del siglo III\u00a0<b>Or\u00edgenes<\/b>, uno de los tres pilares de la teolog\u00eda cristiana, quien\u00a0propuso\u00a0por primera vez que fueran\u00a0<b>tres magos en raz\u00f3n de los tres dones ofrecidos al ni\u00f1o<\/b>.<\/p>\n<p>En\u00a0las pinturas de las catacumbas de Santa Priscila, desde comienzos del siglo II, los representaban solo como nobles persas. Por otro lado, en el\u00a0<b>arte<\/b>\u00a0los comenzaron a presentar como\u00a0<b>reyes desde el siglo VIII.\u00a0<\/b><\/p>\n<p><img decoding=\"async\" src=\"https:\/\/dam.ngenespanol.com\/wp-content\/uploads\/2020\/01\/reyes-magos-2.jpg\" alt=\"reyes magos\" \/><\/p>\n<p>A partir del\u00a0<b>siglo VIII<\/b>, los\u00a0<b>Reyes Magos<\/b>\u00a0recibieron\u00a0nombres, con algunas variaciones. Los primeros fueron Bithisarea, Melchior y Gathaspa.\u00a0Ya\u00a0en la Edad Media fueron incluso venerados como santos.<\/p>\n<p>Con informaci\u00f3n de National Geographic<\/p>\n","protected":false},"excerpt":{"rendered":"<p>La fiesta de los Reyes Magos es com\u00fanmente llamada \u00abEpifan\u00eda\u00bb, palabra que en griego significa \u00abmanifestaci\u00f3n\u00bb, en el sentido de que Dios se revela y se da a conocer. Esta festividad se celebra el 6 de enero en diferentes partes del mundo. La iglesia celebra como Epifan\u00edas\u00a0tres manifestaciones de la vida de Jes\u00fas: La Epifan\u00eda &hellip;<\/p>\n","protected":false},"author":6,"featured_media":13539,"comment_status":"open","ping_status":"closed","sticky":false,"template":"","format":"standard","meta":[],"categories":[43],"tags":[590,1694,732],"_links":{"self":[{"href":"https:\/\/www.elgrillitosuena.com\/inicio\/wp-json\/wp\/v2\/posts\/13538"}],"collection":[{"href":"https:\/\/www.elgrillitosuena.com\/inicio\/wp-json\/wp\/v2\/posts"}],"about":[{"href":"https:\/\/www.elgrillitosuena.com\/inicio\/wp-json\/wp\/v2\/types\/post"}],"author":[{"embeddable":true,"href":"https:\/\/www.elgrillitosuena.com\/inicio\/wp-json\/wp\/v2\/users\/6"}],"replies":[{"embeddable":true,"href":"https:\/\/www.elgrillitosuena.com\/inicio\/wp-json\/wp\/v2\/comments?post=13538"}],"version-history":[{"count":1,"href":"https:\/\/www.elgrillitosuena.com\/inicio\/wp-json\/wp\/v2\/posts\/13538\/revisions"}],"predecessor-version":[{"id":13540,"href":"https:\/\/www.elgrillitosuena.com\/inicio\/wp-json\/wp\/v2\/posts\/13538\/revisions\/13540"}],"wp:featuredmedia":[{"embeddable":true,"href":"https:\/\/www.elgrillitosuena.com\/inicio\/wp-json\/wp\/v2\/media\/13539"}],"wp:attachment":[{"href":"https:\/\/www.elgrillitosuena.com\/inicio\/wp-json\/wp\/v2\/media?parent=13538"}],"wp:term":[{"taxonomy":"category","embeddable":true,"href":"https:\/\/www.elgrillitosuena.com\/inicio\/wp-json\/wp\/v2\/categories?post=13538"},{"taxonomy":"post_tag","embeddable":true,"href":"https:\/\/www.elgrillitosuena.com\/inicio\/wp-json\/wp\/v2\/tags?post=13538"}],"curies":[{"name":"wp","href":"https:\/\/api.w.org\/{rel}","templated":true}]}}