{"id":13450,"date":"2021-12-30T17:02:03","date_gmt":"2021-12-30T17:02:03","guid":{"rendered":"https:\/\/www.elgrillitosuena.com\/inicio\/?p=13450"},"modified":"2021-12-30T17:02:03","modified_gmt":"2021-12-30T17:02:03","slug":"amlo-revela-sus-tres-deseos-de-ano-nuevo","status":"publish","type":"post","link":"https:\/\/www.elgrillitosuena.com\/inicio\/noticias\/mexico\/amlo-revela-sus-tres-deseos-de-ano-nuevo\/","title":{"rendered":"AMLO revela sus tres deseos de A\u00f1o Nuevo"},"content":{"rendered":"<p><img decoding=\"async\" src=\"https:\/\/enfoquenoticias.com.mx\/wp-content\/uploads\/2021\/12\/222.jpg\" alt=\"Qu\u00e9 esperamos en este 2022? - Enfoque Noticias\" \/><\/p>\n<p>El presidente Andr\u00e9s Manuel L\u00f3pez Obrador revel\u00f3 sus deseos para el A\u00f1o Nuevo y asegur\u00f3 que tiene &#8220;fe en el porvenir&#8221;, mostr\u00e1ndose confiado en que el 2022 ser\u00e1 mejor que el a\u00f1o actual.<\/p>\n<p>&#8220;Un deseo es que se termine la pandemia, que ya no se siga padeciendo, sufriendo, por esta pandemia, que no se sigan enfermando, hospitalizando y que no sigan perdiendo la vida, falleciendo, seres humanos, mexicanos y de otros pa\u00edses del mundo&#8221;, dijo el Presidente en su conferencia matutina.<\/p>\n<p>El mandatario tambi\u00e9n expres\u00f3 el anhelo de que &#8220;contin\u00fae la fortaleza cultural de M\u00e9xico que es lo que siempre nos ha salvado ante calamidades, la grandeza cultural de M\u00e9xico&#8221;.<\/p>\n<p>&#8220;Que no reneguemos de nuestro origen, que el que no sabe y no se siente orgulloso de donde viene nunca sabr\u00e1 hacia donde ir\u00e1&#8221;, reflexion\u00f3 el pol\u00edtico izquierdista.<\/p>\n<p>Asimismo, esgrimi\u00f3 un tercer y \u00faltimo deseo de A\u00f1o Nuevo. &#8220;Y lo tercero que deseo es que haya menos pobres, que no falten los satisfactores b\u00e1sicos, la alimentaci\u00f3n, que nadie padezca de hambre y que se tenga para el estudio, para la salud y para la vivienda. Desde luego el trabajo, el ingreso que alcance para lo indispensable, necesario y b\u00e1sico&#8221;.<\/p>\n<p>&#8220;Este a\u00f1o nos fue mejor y el que viene ser\u00e1 m\u00e1s bueno&#8221;<\/p>\n<p>El Presidente se mostr\u00f3 optimista sobre el siguiente a\u00f1o en la \u00faltima conferencia diaria de 2021, celebrada en Palacio Nacional. &#8220;Este a\u00f1o nos fue mejor, ese es mi balance, que el a\u00f1o pasado. Y el que viene va a ser un a\u00f1o todav\u00eda m\u00e1s bueno. Tengo fe en el porvernir. Y no hay que perder la esperanza&#8221;, dijo.<\/p>\n<p>Con informaci\u00f3n de Milenio Noticias<\/p>\n","protected":false},"excerpt":{"rendered":"<p>El presidente Andr\u00e9s Manuel L\u00f3pez Obrador revel\u00f3 sus deseos para el A\u00f1o Nuevo y asegur\u00f3 que tiene &#8220;fe en el porvenir&#8221;, mostr\u00e1ndose confiado en que el 2022 ser\u00e1 mejor que el a\u00f1o actual. &#8220;Un deseo es que se termine la pandemia, que ya no se siga padeciendo, sufriendo, por esta pandemia, que no se sigan &hellip;<\/p>\n","protected":false},"author":6,"featured_media":13451,"comment_status":"open","ping_status":"closed","sticky":false,"template":"","format":"standard","meta":[],"categories":[39],"tags":[1539,98,3689],"_links":{"self":[{"href":"https:\/\/www.elgrillitosuena.com\/inicio\/wp-json\/wp\/v2\/posts\/13450"}],"collection":[{"href":"https:\/\/www.elgrillitosuena.com\/inicio\/wp-json\/wp\/v2\/posts"}],"about":[{"href":"https:\/\/www.elgrillitosuena.com\/inicio\/wp-json\/wp\/v2\/types\/post"}],"author":[{"embeddable":true,"href":"https:\/\/www.elgrillitosuena.com\/inicio\/wp-json\/wp\/v2\/users\/6"}],"replies":[{"embeddable":true,"href":"https:\/\/www.elgrillitosuena.com\/inicio\/wp-json\/wp\/v2\/comments?post=13450"}],"version-history":[{"count":1,"href":"https:\/\/www.elgrillitosuena.com\/inicio\/wp-json\/wp\/v2\/posts\/13450\/revisions"}],"predecessor-version":[{"id":13452,"href":"https:\/\/www.elgrillitosuena.com\/inicio\/wp-json\/wp\/v2\/posts\/13450\/revisions\/13452"}],"wp:featuredmedia":[{"embeddable":true,"href":"https:\/\/www.elgrillitosuena.com\/inicio\/wp-json\/wp\/v2\/media\/13451"}],"wp:attachment":[{"href":"https:\/\/www.elgrillitosuena.com\/inicio\/wp-json\/wp\/v2\/media?parent=13450"}],"wp:term":[{"taxonomy":"category","embeddable":true,"href":"https:\/\/www.elgrillitosuena.com\/inicio\/wp-json\/wp\/v2\/categories?post=13450"},{"taxonomy":"post_tag","embeddable":true,"href":"https:\/\/www.elgrillitosuena.com\/inicio\/wp-json\/wp\/v2\/tags?post=13450"}],"curies":[{"name":"wp","href":"https:\/\/api.w.org\/{rel}","templated":true}]}}