{"id":13446,"date":"2021-12-30T16:55:00","date_gmt":"2021-12-30T16:55:00","guid":{"rendered":"https:\/\/www.elgrillitosuena.com\/inicio\/?p=13446"},"modified":"2021-12-30T16:55:00","modified_gmt":"2021-12-30T16:55:00","slug":"ante-posible-presencia-de-omicron-en-michoacan-llama-ssm-a-reforzar-medidas-preventivas-en-salud","status":"publish","type":"post","link":"https:\/\/www.elgrillitosuena.com\/inicio\/noticias\/michoacan\/ante-posible-presencia-de-omicron-en-michoacan-llama-ssm-a-reforzar-medidas-preventivas-en-salud\/","title":{"rendered":"Ante posible presencia de \u00d3micron en Michoac\u00e1n, llama SSM a reforzar medidas preventivas en Salud"},"content":{"rendered":"<p><img decoding=\"async\" loading=\"lazy\" class=\"alignnone  wp-image-13447\" src=\"https:\/\/www.elgrillitosuena.com\/inicio\/wp-content\/uploads\/2021\/12\/WhatsApp-Image-2021-12-29-at-2.41.58-PM-300x200.jpeg\" alt=\"\" width=\"737\" height=\"491\" srcset=\"https:\/\/www.elgrillitosuena.com\/inicio\/wp-content\/uploads\/2021\/12\/WhatsApp-Image-2021-12-29-at-2.41.58-PM-300x200.jpeg 300w, https:\/\/www.elgrillitosuena.com\/inicio\/wp-content\/uploads\/2021\/12\/WhatsApp-Image-2021-12-29-at-2.41.58-PM-1024x682.jpeg 1024w, https:\/\/www.elgrillitosuena.com\/inicio\/wp-content\/uploads\/2021\/12\/WhatsApp-Image-2021-12-29-at-2.41.58-PM-768x511.jpeg 768w, https:\/\/www.elgrillitosuena.com\/inicio\/wp-content\/uploads\/2021\/12\/WhatsApp-Image-2021-12-29-at-2.41.58-PM.jpeg 1280w\" sizes=\"(max-width: 737px) 100vw, 737px\" \/><\/p>\n<p>Ante la sospecha de un posible caso de \u00d3micron en Michoac\u00e1n, el gobernador Alfredo Ram\u00edrez Bedolla exhort\u00f3 a la poblaci\u00f3n a cumplir a cabalidad el decreto que establece nuevas medidas extraordinarias de prevenci\u00f3n para combatir con \u00e9xito la COVID-19, y frenar una propagaci\u00f3n acelerada del virus.<\/p>\n<p>La Secretar\u00eda de Salud de Michoac\u00e1n tuvo conocimiento de un paciente sospechoso de haber contra\u00eddo la variante \u00d3micron durante un viaje a Estados Unidos, el cual no ha tenido que ser hospitalizado puesto que se encuentra estable de salud, aunque se encuentra aislado para evitar riesgos de propagaci\u00f3n del virus. La persona, que est\u00e1 bajo inspecci\u00f3n m\u00e9dica, tiene su esquema completo de vacunas contra el COVID-19.<\/p>\n<p>Los resultados de la prueba realizada al paciente se encuentran en an\u00e1lisis en el Instituto de Diagn\u00f3stico y Referencia (INDRE).<\/p>\n<p><img decoding=\"async\" loading=\"lazy\" class=\"alignnone  wp-image-13448\" src=\"https:\/\/www.elgrillitosuena.com\/inicio\/wp-content\/uploads\/2021\/12\/WhatsApp-Image-2021-12-29-at-2.42.00-PM-300x206.jpeg\" alt=\"\" width=\"769\" height=\"528\" srcset=\"https:\/\/www.elgrillitosuena.com\/inicio\/wp-content\/uploads\/2021\/12\/WhatsApp-Image-2021-12-29-at-2.42.00-PM-300x206.jpeg 300w, https:\/\/www.elgrillitosuena.com\/inicio\/wp-content\/uploads\/2021\/12\/WhatsApp-Image-2021-12-29-at-2.42.00-PM-1024x703.jpeg 1024w, https:\/\/www.elgrillitosuena.com\/inicio\/wp-content\/uploads\/2021\/12\/WhatsApp-Image-2021-12-29-at-2.42.00-PM-768x527.jpeg 768w, https:\/\/www.elgrillitosuena.com\/inicio\/wp-content\/uploads\/2021\/12\/WhatsApp-Image-2021-12-29-at-2.42.00-PM-110x75.jpeg 110w, https:\/\/www.elgrillitosuena.com\/inicio\/wp-content\/uploads\/2021\/12\/WhatsApp-Image-2021-12-29-at-2.42.00-PM.jpeg 1280w\" sizes=\"(max-width: 769px) 100vw, 769px\" \/><\/p>\n<p>Ante tal situaci\u00f3n, Ram\u00edrez Bedolla invit\u00f3 a la poblaci\u00f3n a mantenerse alerta, a reforzar las medidas sanitarias de prevenci\u00f3n, evitar el saludo de contacto f\u00edsico, utilizar cubrebocas y a completar sus esquemas de salud, as\u00ed mismo reiter\u00f3 su compromiso de garantizar la atenci\u00f3n puntual a los pacientes que lo requieran y con el abasto suficiente de vacunas para ampliar la cobertura en la entidad.<\/p>\n<p>Actualmente se cuenta con 15 pacientes hospitalizados por COVID-19 en Michoac\u00e1n, lo cual significa un 5.46% de ocupaci\u00f3n hospitalaria. Adem\u00e1s, se cuenta con 600 mil dosis de vacuna contra el COVID-19 en Michoac\u00e1n de las marcas Cansino, Astra Zeneca y Pfizer Biotench.<\/p>\n<p>Hasta el momento se han aplicado 4 millones 761 mil 974 vacunas contra COVID-19 en Michoac\u00e1n, lo cual equivale a una cobertura del 84% de la poblaci\u00f3n. Se contin\u00faa con la aplicaci\u00f3n del refuerzo a los 35 mil trabajadores de salud de la entidad, a 80 mil menores de entre 14 y 15 a\u00f1os de edad y en enero recibir\u00e1n su refuerzo de Astra Zeneca m\u00e1s de 101 mil docentes de Michoac\u00e1n.<\/p>\n","protected":false},"excerpt":{"rendered":"<p>Ante la sospecha de un posible caso de \u00d3micron en Michoac\u00e1n, el gobernador Alfredo Ram\u00edrez Bedolla exhort\u00f3 a la poblaci\u00f3n a cumplir a cabalidad el decreto que establece nuevas medidas extraordinarias de prevenci\u00f3n para combatir con \u00e9xito la COVID-19, y frenar una propagaci\u00f3n acelerada del virus. La Secretar\u00eda de Salud de Michoac\u00e1n tuvo conocimiento de &hellip;<\/p>\n","protected":false},"author":6,"featured_media":13447,"comment_status":"open","ping_status":"closed","sticky":false,"template":"","format":"standard","meta":[],"categories":[38],"tags":[1644,368,3455],"_links":{"self":[{"href":"https:\/\/www.elgrillitosuena.com\/inicio\/wp-json\/wp\/v2\/posts\/13446"}],"collection":[{"href":"https:\/\/www.elgrillitosuena.com\/inicio\/wp-json\/wp\/v2\/posts"}],"about":[{"href":"https:\/\/www.elgrillitosuena.com\/inicio\/wp-json\/wp\/v2\/types\/post"}],"author":[{"embeddable":true,"href":"https:\/\/www.elgrillitosuena.com\/inicio\/wp-json\/wp\/v2\/users\/6"}],"replies":[{"embeddable":true,"href":"https:\/\/www.elgrillitosuena.com\/inicio\/wp-json\/wp\/v2\/comments?post=13446"}],"version-history":[{"count":1,"href":"https:\/\/www.elgrillitosuena.com\/inicio\/wp-json\/wp\/v2\/posts\/13446\/revisions"}],"predecessor-version":[{"id":13449,"href":"https:\/\/www.elgrillitosuena.com\/inicio\/wp-json\/wp\/v2\/posts\/13446\/revisions\/13449"}],"wp:featuredmedia":[{"embeddable":true,"href":"https:\/\/www.elgrillitosuena.com\/inicio\/wp-json\/wp\/v2\/media\/13447"}],"wp:attachment":[{"href":"https:\/\/www.elgrillitosuena.com\/inicio\/wp-json\/wp\/v2\/media?parent=13446"}],"wp:term":[{"taxonomy":"category","embeddable":true,"href":"https:\/\/www.elgrillitosuena.com\/inicio\/wp-json\/wp\/v2\/categories?post=13446"},{"taxonomy":"post_tag","embeddable":true,"href":"https:\/\/www.elgrillitosuena.com\/inicio\/wp-json\/wp\/v2\/tags?post=13446"}],"curies":[{"name":"wp","href":"https:\/\/api.w.org\/{rel}","templated":true}]}}