{"id":13443,"date":"2021-12-30T16:50:57","date_gmt":"2021-12-30T16:50:57","guid":{"rendered":"https:\/\/www.elgrillitosuena.com\/inicio\/?p=13443"},"modified":"2021-12-30T16:50:57","modified_gmt":"2021-12-30T16:50:57","slug":"la-chilindrina-rompe-el-silencio-sobre-su-estado-de-salud-tras-dar-positivo-a-covid-19","status":"publish","type":"post","link":"https:\/\/www.elgrillitosuena.com\/inicio\/life-style\/espectaculos\/la-chilindrina-rompe-el-silencio-sobre-su-estado-de-salud-tras-dar-positivo-a-covid-19\/","title":{"rendered":"&#8220;La Chilindrina&#8221; rompe el silencio sobre su estado de salud, tras dar positivo a COVID-19"},"content":{"rendered":"<p><img decoding=\"async\" src=\"https:\/\/www.radioformula.com.mx\/u\/fotografias\/m\/2021\/12\/30\/f960x540-313979_388054_47.jpg\" \/><\/p>\n<p>Luego de que en redes sociales se encendieron las alarmas acerca de que\u00a0<strong>Mar\u00eda Antonieta de las Nieves, &#8220;La Chilindrina&#8221;,<\/strong><br \/>\nhab\u00eda dado positivo a COVID-19, fue la propia actriz de la exitosa serie &#8220;<strong>El Chavo del 8&#8243;,<\/strong>\u00a0quien confirm\u00f3 el contagio y a su vez explic\u00f3 cu\u00e1l es su estado de salud actual.<\/p>\n<p>Mediante su cuenta oficial, la noche del 29 de diciembre,\u00a0<strong>&#8220;La Chilindrina&#8221;<\/strong>\u00a0public\u00f3 un comunicado \u00a0en el que inform\u00f3 a sus seguidores, amigos y familia la situaci\u00f3n que vive tras contagiarse de esta enfermedad.<\/p>\n<p>En dicho texto explic\u00f3 que sigui\u00f3 al pie de la letra las recomendaciones sanitarias para prevenir el contagio de\u00a0SARS-CoV-2 y detall\u00f3 que por el momento se mantiene en cuarentena en su casa, con s\u00edntomas leves, como los de un resfriado, pero espera pronto estar adelante.<\/p>\n<blockquote><p>&#8220;Queridos fans, amigos y familiares. A pesar de todos los cuidados que siempre tuve para no contraer Covid-19, he salido positiva al hacerme la prueba.Me siento bien, me encuentro en casa, muy tranquila y voy mejorando d\u00eda a d\u00eda. Parece como si s\u00f3lo tuviera un resfriado com\u00fan, nada de gravedad como han publicado por ah\u00ed&#8221;, poste\u00f3 la querida reina infantil.<\/p><\/blockquote>\n<p>Con informaci\u00f3n de Radio F\u00f3rmula<\/p>\n","protected":false},"excerpt":{"rendered":"<p>Luego de que en redes sociales se encendieron las alarmas acerca de que\u00a0Mar\u00eda Antonieta de las Nieves, &#8220;La Chilindrina&#8221;, hab\u00eda dado positivo a COVID-19, fue la propia actriz de la exitosa serie &#8220;El Chavo del 8&#8243;,\u00a0quien confirm\u00f3 el contagio y a su vez explic\u00f3 cu\u00e1l es su estado de salud actual. Mediante su cuenta oficial, &hellip;<\/p>\n","protected":false},"author":6,"featured_media":13444,"comment_status":"open","ping_status":"closed","sticky":false,"template":"","format":"standard","meta":[],"categories":[44],"tags":[165,3687,3688],"_links":{"self":[{"href":"https:\/\/www.elgrillitosuena.com\/inicio\/wp-json\/wp\/v2\/posts\/13443"}],"collection":[{"href":"https:\/\/www.elgrillitosuena.com\/inicio\/wp-json\/wp\/v2\/posts"}],"about":[{"href":"https:\/\/www.elgrillitosuena.com\/inicio\/wp-json\/wp\/v2\/types\/post"}],"author":[{"embeddable":true,"href":"https:\/\/www.elgrillitosuena.com\/inicio\/wp-json\/wp\/v2\/users\/6"}],"replies":[{"embeddable":true,"href":"https:\/\/www.elgrillitosuena.com\/inicio\/wp-json\/wp\/v2\/comments?post=13443"}],"version-history":[{"count":1,"href":"https:\/\/www.elgrillitosuena.com\/inicio\/wp-json\/wp\/v2\/posts\/13443\/revisions"}],"predecessor-version":[{"id":13445,"href":"https:\/\/www.elgrillitosuena.com\/inicio\/wp-json\/wp\/v2\/posts\/13443\/revisions\/13445"}],"wp:featuredmedia":[{"embeddable":true,"href":"https:\/\/www.elgrillitosuena.com\/inicio\/wp-json\/wp\/v2\/media\/13444"}],"wp:attachment":[{"href":"https:\/\/www.elgrillitosuena.com\/inicio\/wp-json\/wp\/v2\/media?parent=13443"}],"wp:term":[{"taxonomy":"category","embeddable":true,"href":"https:\/\/www.elgrillitosuena.com\/inicio\/wp-json\/wp\/v2\/categories?post=13443"},{"taxonomy":"post_tag","embeddable":true,"href":"https:\/\/www.elgrillitosuena.com\/inicio\/wp-json\/wp\/v2\/tags?post=13443"}],"curies":[{"name":"wp","href":"https:\/\/api.w.org\/{rel}","templated":true}]}}