{"id":13440,"date":"2021-12-30T16:45:05","date_gmt":"2021-12-30T16:45:05","guid":{"rendered":"https:\/\/www.elgrillitosuena.com\/inicio\/?p=13440"},"modified":"2021-12-30T16:45:05","modified_gmt":"2021-12-30T16:45:05","slug":"amlo-celebro-la-resolucion-del-tepjf-sobre-la-revocacion-de-mandato","status":"publish","type":"post","link":"https:\/\/www.elgrillitosuena.com\/inicio\/noticias\/mexico\/amlo-celebro-la-resolucion-del-tepjf-sobre-la-revocacion-de-mandato\/","title":{"rendered":"AMLO celebr\u00f3 la resoluci\u00f3n del TEPJF sobre la revocaci\u00f3n de mandato"},"content":{"rendered":"<p><img decoding=\"async\" src=\"https:\/\/heraldodemexico.com.mx\/u\/fotografias\/m\/2021\/12\/30\/f960x540-460358_534433_0.jpg\" alt=\"AMLO festej\u00f3 que se llevar\u00e1 a cabo la revocaci\u00f3n del mandato. Foto:  Presidencia\" \/><\/p>\n<p>En la Ma\u00f1anera, el presidente\u00a0<strong>Andr\u00e9s Manuel L\u00f3pez Obrador<\/strong>\u00a0celebr\u00f3 la resoluci\u00f3n que dio el\u00a0<strong>Tribunal Electoral del Poder Judicial de la Federaci\u00f3n<\/strong>\u00a0(TEPJF )sobre la revocaci\u00f3n de mandato para que el\u00a0<strong>Instituto Nacional Electoral\u00a0<\/strong>(INE) lo lleve a cabo. &#8220;Lo que queda claro&#8230; es que va haber consulta&#8221;, destac\u00f3 el mandatario.<\/p>\n<p>Agreg\u00f3 que tras la resoluci\u00f3n, el INE tiene que hacer la consulta y segundo, tiene que &#8220;hacer un ajuste a su presupuesto, liberar fondos&#8221;, detall\u00f3\u00a0el presidente.<\/p>\n<blockquote><p>&#8220;Es muy importante la resoluci\u00f3n de ayer porque lo que queda claro y es lo que debe difundirse m\u00e1s saberse,\u00a0<strong>gritarse a los cuatro vientos\u00a0<\/strong>es que va a haber consulta, esa es la resoluci\u00f3n de ayer&#8221;, destac\u00f3 AMLO.<\/p><\/blockquote>\n<p>L\u00f3pez Obrador asegur\u00f3 que ser\u00eda muy bueno para los analistas, que se haga\u00a0una\u00a0<strong>revisi\u00f3n del presupuesto del INE,<\/strong>\u00a0\u201c\u00bfCu\u00e1nto gastan en vi\u00e1ticos? \u00bfCu\u00e1nto en compra o renta de veh\u00edculos? \u00bfQui\u00e9nes tienen veh\u00edculos, cu\u00e1nto combustible?, en viajes;\u00a0una revisi\u00f3n, y s\u00ed se act\u00faa con austeridad se puede\u00a0tambi\u00e9n hacer una reducci\u00f3n de los altos sueldos, cu\u00e1nto ganan los consejeros en total, asesores, cu\u00e1ntos hay y cu\u00e1nto ganan\u201d, cuestion\u00f3 el mandatario.<\/p>\n<p>Con informaci\u00f3n de Heraldo de M\u00e9xico<\/p>\n","protected":false},"excerpt":{"rendered":"<p>En la Ma\u00f1anera, el presidente\u00a0Andr\u00e9s Manuel L\u00f3pez Obrador\u00a0celebr\u00f3 la resoluci\u00f3n que dio el\u00a0Tribunal Electoral del Poder Judicial de la Federaci\u00f3n\u00a0(TEPJF )sobre la revocaci\u00f3n de mandato para que el\u00a0Instituto Nacional Electoral\u00a0(INE) lo lleve a cabo. &#8220;Lo que queda claro&#8230; es que va haber consulta&#8221;, destac\u00f3 el mandatario. Agreg\u00f3 que tras la resoluci\u00f3n, el INE tiene que &hellip;<\/p>\n","protected":false},"author":6,"featured_media":13441,"comment_status":"open","ping_status":"closed","sticky":false,"template":"","format":"standard","meta":[],"categories":[39],"tags":[98,932,1622],"_links":{"self":[{"href":"https:\/\/www.elgrillitosuena.com\/inicio\/wp-json\/wp\/v2\/posts\/13440"}],"collection":[{"href":"https:\/\/www.elgrillitosuena.com\/inicio\/wp-json\/wp\/v2\/posts"}],"about":[{"href":"https:\/\/www.elgrillitosuena.com\/inicio\/wp-json\/wp\/v2\/types\/post"}],"author":[{"embeddable":true,"href":"https:\/\/www.elgrillitosuena.com\/inicio\/wp-json\/wp\/v2\/users\/6"}],"replies":[{"embeddable":true,"href":"https:\/\/www.elgrillitosuena.com\/inicio\/wp-json\/wp\/v2\/comments?post=13440"}],"version-history":[{"count":1,"href":"https:\/\/www.elgrillitosuena.com\/inicio\/wp-json\/wp\/v2\/posts\/13440\/revisions"}],"predecessor-version":[{"id":13442,"href":"https:\/\/www.elgrillitosuena.com\/inicio\/wp-json\/wp\/v2\/posts\/13440\/revisions\/13442"}],"wp:featuredmedia":[{"embeddable":true,"href":"https:\/\/www.elgrillitosuena.com\/inicio\/wp-json\/wp\/v2\/media\/13441"}],"wp:attachment":[{"href":"https:\/\/www.elgrillitosuena.com\/inicio\/wp-json\/wp\/v2\/media?parent=13440"}],"wp:term":[{"taxonomy":"category","embeddable":true,"href":"https:\/\/www.elgrillitosuena.com\/inicio\/wp-json\/wp\/v2\/categories?post=13440"},{"taxonomy":"post_tag","embeddable":true,"href":"https:\/\/www.elgrillitosuena.com\/inicio\/wp-json\/wp\/v2\/tags?post=13440"}],"curies":[{"name":"wp","href":"https:\/\/api.w.org\/{rel}","templated":true}]}}