{"id":13437,"date":"2021-12-30T16:41:00","date_gmt":"2021-12-30T16:41:00","guid":{"rendered":"https:\/\/www.elgrillitosuena.com\/inicio\/?p=13437"},"modified":"2021-12-30T16:41:00","modified_gmt":"2021-12-30T16:41:00","slug":"que-termine-la-pandemia-fortaleza-cultural-y-menos-pobres-deseos-de-lopez-obrador","status":"publish","type":"post","link":"https:\/\/www.elgrillitosuena.com\/inicio\/noticias\/mexico\/que-termine-la-pandemia-fortaleza-cultural-y-menos-pobres-deseos-de-lopez-obrador\/","title":{"rendered":"Que termine la pandemia, fortaleza cultural y menos pobres, deseos de L\u00f3pez Obrador"},"content":{"rendered":"<p><img decoding=\"async\" src=\"https:\/\/cdn2.excelsior.com.mx\/media\/styles\/image800x600\/public\/pictures\/2021\/12\/30\/2693405.jpg\" \/><\/p>\n<p>El presidente<strong>\u00a0Andr\u00e9s Manuel L\u00f3pez Obrador<\/strong>\u00a0manifest\u00f3 que sus deseos para el 2022 son que termine la pandemia del\u00a0<strong>covid-19,<\/strong>\u00a0que permanezca la fortaleza cultural del pa\u00eds y que se reduzca la pobreza en el pa\u00eds.<\/p>\n<p>Durante la \u00faltima conferencia matutina del 2021, el mandatario federal expres\u00f3 sus deseos de fin de a\u00f1o y se\u00f1al\u00f3 como prioridad que los mexicanos y el resto del mundo ya no sufra ni fallezcan por el covid-19.<\/p>\n<blockquote><p>Un deseo es que se termine la pandemia. Que ya no se siga padeciendo-sufriendo por esta pandemia, que no se sigan enfermando, no se sigan hospitalizando y que no sigan perdiendo la vida seres humanos, mexicanos y de otros pa\u00edses del mundo\u201d, expres\u00f3.<\/p><\/blockquote>\n<blockquote class=\"twitter-tweet\">\n<p dir=\"ltr\" lang=\"es\" xml:lang=\"es\">Que se termine la pandemia, que contin\u00fae la grandeza cultural de M\u00e9xico, que haya menos pobres y que todos seamos felices son los deseos del presidente\u00a0@lopezobrador_ para el pr\u00f3ximo a\u00f1o.<\/p>\n<\/blockquote>\n<p><span class=\"article-body-balloon\">El jefe del Ejecutivo agreg\u00f3 como anhelo en el 2022 la disminuci\u00f3n de \u00edndices de pobreza en M\u00e9xico y que los recursos econ\u00f3micos en las familias puedan garantizarles la alimentaci\u00f3n, adem\u00e1s, que se pueda garantizar a la poblaci\u00f3n los servicios de salud, educaci\u00f3n y vivienda.<\/span><\/p>\n<blockquote><p>Deseo que haya menos pobres, que no falten los satisfactores b\u00e1sicos: la alimentaci\u00f3n, que nadie padezca de hambre, y que, se tenga para el estudio, para la salud, para la vivienda, desde luego el trabajo, el ingreso que alcance para lo indispensable\u201d, plante\u00f3.<\/p><\/blockquote>\n<p>El presidente\u00a0<strong>L\u00f3pez Obrador hizo un balance sobre la situaci\u00f3n de este 2021<\/strong>, del cual dijo fue mejor que el 2020 cuando inici\u00f3 la pandemia del covid y expres\u00f3 su confianza en que el 2022 ser\u00e1 un mejor a\u00f1o para el pa\u00eds.<\/p>\n<blockquote><p>Este a\u00f1o nos fue mejor, ese es mi balance, que el a\u00f1o pasado. Y el que viene va ser un a\u00f1o todav\u00eda m\u00e1s bueno, tengo fe en el porvenir y no hay que perder la esperanza\u201d, declar\u00f3.<\/p><\/blockquote>\n<p><strong>L\u00f3pez Obrador<\/strong>\u00a0inform\u00f3 que viajar\u00e1 a\u00a0<strong>Palenque, Chiapas<\/strong>\u00a0y se quedar\u00e1 a cargo el secretario de Gobernaci\u00f3n, Ad\u00e1n Augusto L\u00f3pez Hern\u00e1ndez.<\/p>\n<div id=\"standard_6\" class=\"st-placement standard_6 inVideo\">\n<div class=\"st-adunit st-show st-reset\">Con informaci\u00f3n de Exc\u00e9lsior<\/div>\n<\/div>\n","protected":false},"excerpt":{"rendered":"<p>El presidente\u00a0Andr\u00e9s Manuel L\u00f3pez Obrador\u00a0manifest\u00f3 que sus deseos para el 2022 son que termine la pandemia del\u00a0covid-19,\u00a0que permanezca la fortaleza cultural del pa\u00eds y que se reduzca la pobreza en el pa\u00eds. Durante la \u00faltima conferencia matutina del 2021, el mandatario federal expres\u00f3 sus deseos de fin de a\u00f1o y se\u00f1al\u00f3 como prioridad que los &hellip;<\/p>\n","protected":false},"author":6,"featured_media":13438,"comment_status":"open","ping_status":"closed","sticky":false,"template":"","format":"standard","meta":[],"categories":[39],"tags":[98,165,186],"_links":{"self":[{"href":"https:\/\/www.elgrillitosuena.com\/inicio\/wp-json\/wp\/v2\/posts\/13437"}],"collection":[{"href":"https:\/\/www.elgrillitosuena.com\/inicio\/wp-json\/wp\/v2\/posts"}],"about":[{"href":"https:\/\/www.elgrillitosuena.com\/inicio\/wp-json\/wp\/v2\/types\/post"}],"author":[{"embeddable":true,"href":"https:\/\/www.elgrillitosuena.com\/inicio\/wp-json\/wp\/v2\/users\/6"}],"replies":[{"embeddable":true,"href":"https:\/\/www.elgrillitosuena.com\/inicio\/wp-json\/wp\/v2\/comments?post=13437"}],"version-history":[{"count":1,"href":"https:\/\/www.elgrillitosuena.com\/inicio\/wp-json\/wp\/v2\/posts\/13437\/revisions"}],"predecessor-version":[{"id":13439,"href":"https:\/\/www.elgrillitosuena.com\/inicio\/wp-json\/wp\/v2\/posts\/13437\/revisions\/13439"}],"wp:featuredmedia":[{"embeddable":true,"href":"https:\/\/www.elgrillitosuena.com\/inicio\/wp-json\/wp\/v2\/media\/13438"}],"wp:attachment":[{"href":"https:\/\/www.elgrillitosuena.com\/inicio\/wp-json\/wp\/v2\/media?parent=13437"}],"wp:term":[{"taxonomy":"category","embeddable":true,"href":"https:\/\/www.elgrillitosuena.com\/inicio\/wp-json\/wp\/v2\/categories?post=13437"},{"taxonomy":"post_tag","embeddable":true,"href":"https:\/\/www.elgrillitosuena.com\/inicio\/wp-json\/wp\/v2\/tags?post=13437"}],"curies":[{"name":"wp","href":"https:\/\/api.w.org\/{rel}","templated":true}]}}