{"id":13434,"date":"2021-12-29T16:34:56","date_gmt":"2021-12-29T16:34:56","guid":{"rendered":"https:\/\/www.elgrillitosuena.com\/inicio\/?p=13434"},"modified":"2021-12-29T16:34:56","modified_gmt":"2021-12-29T16:34:56","slug":"logra-segob-liberacion-de-la-carretera-lazaro-cardenas","status":"publish","type":"post","link":"https:\/\/www.elgrillitosuena.com\/inicio\/noticias\/michoacan\/logra-segob-liberacion-de-la-carretera-lazaro-cardenas\/","title":{"rendered":"Logra Segob liberaci\u00f3n de la carretera L\u00e1zaro C\u00e1rdenas"},"content":{"rendered":"<p><img decoding=\"async\" loading=\"lazy\" class=\"alignnone  wp-image-13435\" src=\"https:\/\/www.elgrillitosuena.com\/inicio\/wp-content\/uploads\/2021\/12\/WhatsApp-Image-2021-12-28-at-7.22.01-PM-300x225.jpeg\" alt=\"\" width=\"799\" height=\"599\" srcset=\"https:\/\/www.elgrillitosuena.com\/inicio\/wp-content\/uploads\/2021\/12\/WhatsApp-Image-2021-12-28-at-7.22.01-PM-300x225.jpeg 300w, https:\/\/www.elgrillitosuena.com\/inicio\/wp-content\/uploads\/2021\/12\/WhatsApp-Image-2021-12-28-at-7.22.01-PM-1024x768.jpeg 1024w, https:\/\/www.elgrillitosuena.com\/inicio\/wp-content\/uploads\/2021\/12\/WhatsApp-Image-2021-12-28-at-7.22.01-PM-768x576.jpeg 768w, https:\/\/www.elgrillitosuena.com\/inicio\/wp-content\/uploads\/2021\/12\/WhatsApp-Image-2021-12-28-at-7.22.01-PM.jpeg 1280w\" sizes=\"(max-width: 799px) 100vw, 799px\" \/><\/p>\n<p>La Secretar\u00eda de Gobierno a trav\u00e9s de la Direcci\u00f3n de Gobernaci\u00f3n logr\u00f3 un acuerdo para destrabar el bloqueo de la carretera federal L\u00e1zaro C\u00e1rdenas-Colima.<\/p>\n<p>Tras 18 d\u00edas de las manifestaciones en la v\u00eda de comunicaci\u00f3n, los habitantes de la Tenencia de Caleta de Campos y las autoridades de los tres niveles de gobierno acordaron restablecer el libre tr\u00e1nsito en la zona.<\/p>\n<p>El acuerdo entre funcionarios municipales, estatales y federales consiste en permitir investigaciones de los \u00f3rganos de procuraci\u00f3n de justicia relacionados con la desaparici\u00f3n de una persona.<\/p>\n<p>De igual manera se establece mantener una comunicaci\u00f3n y mesa de atenci\u00f3n permanente al tema lo que permita garantizar la movilidad de cientos de vacacionista y visitantes que acuden a las playas michoacanas durante este fin de a\u00f1o.<\/p>\n<p>En la reuni\u00f3n estuvieron presentes autoridades de la Tenencia, el director de Gobernaci\u00f3n, Juan Daniel Manzo Rodr\u00edguez; la presidenta municipal de L\u00e1zaro C\u00e1rdenas, Itz\u00e9 Camacho Zapia\u00edn; adem\u00e1s funcionarios federales, estatales y municipales.<\/p>\n","protected":false},"excerpt":{"rendered":"<p>La Secretar\u00eda de Gobierno a trav\u00e9s de la Direcci\u00f3n de Gobernaci\u00f3n logr\u00f3 un acuerdo para destrabar el bloqueo de la carretera federal L\u00e1zaro C\u00e1rdenas-Colima. Tras 18 d\u00edas de las manifestaciones en la v\u00eda de comunicaci\u00f3n, los habitantes de la Tenencia de Caleta de Campos y las autoridades de los tres niveles de gobierno acordaron restablecer &hellip;<\/p>\n","protected":false},"author":6,"featured_media":13435,"comment_status":"open","ping_status":"closed","sticky":false,"template":"","format":"standard","meta":[],"categories":[38],"tags":[],"_links":{"self":[{"href":"https:\/\/www.elgrillitosuena.com\/inicio\/wp-json\/wp\/v2\/posts\/13434"}],"collection":[{"href":"https:\/\/www.elgrillitosuena.com\/inicio\/wp-json\/wp\/v2\/posts"}],"about":[{"href":"https:\/\/www.elgrillitosuena.com\/inicio\/wp-json\/wp\/v2\/types\/post"}],"author":[{"embeddable":true,"href":"https:\/\/www.elgrillitosuena.com\/inicio\/wp-json\/wp\/v2\/users\/6"}],"replies":[{"embeddable":true,"href":"https:\/\/www.elgrillitosuena.com\/inicio\/wp-json\/wp\/v2\/comments?post=13434"}],"version-history":[{"count":1,"href":"https:\/\/www.elgrillitosuena.com\/inicio\/wp-json\/wp\/v2\/posts\/13434\/revisions"}],"predecessor-version":[{"id":13436,"href":"https:\/\/www.elgrillitosuena.com\/inicio\/wp-json\/wp\/v2\/posts\/13434\/revisions\/13436"}],"wp:featuredmedia":[{"embeddable":true,"href":"https:\/\/www.elgrillitosuena.com\/inicio\/wp-json\/wp\/v2\/media\/13435"}],"wp:attachment":[{"href":"https:\/\/www.elgrillitosuena.com\/inicio\/wp-json\/wp\/v2\/media?parent=13434"}],"wp:term":[{"taxonomy":"category","embeddable":true,"href":"https:\/\/www.elgrillitosuena.com\/inicio\/wp-json\/wp\/v2\/categories?post=13434"},{"taxonomy":"post_tag","embeddable":true,"href":"https:\/\/www.elgrillitosuena.com\/inicio\/wp-json\/wp\/v2\/tags?post=13434"}],"curies":[{"name":"wp","href":"https:\/\/api.w.org\/{rel}","templated":true}]}}