{"id":13164,"date":"2021-12-17T16:56:35","date_gmt":"2021-12-17T16:56:35","guid":{"rendered":"https:\/\/www.elgrillitosuena.com\/inicio\/?p=13164"},"modified":"2021-12-17T17:14:41","modified_gmt":"2021-12-17T17:14:41","slug":"amlo-descansara-en-navidad-y-ano-nuevo-estos-dias-no-habra-mananera","status":"publish","type":"post","link":"https:\/\/www.elgrillitosuena.com\/inicio\/noticias\/michoacan\/amlo-descansara-en-navidad-y-ano-nuevo-estos-dias-no-habra-mananera\/","title":{"rendered":"AMLO descansar\u00e1 en Navidad y A\u00f1o Nuevo; estos d\u00edas no habr\u00e1 Ma\u00f1anera"},"content":{"rendered":"<p><img decoding=\"async\" src=\"https:\/\/heraldodemexico.com.mx\/u\/fotografias\/m\/2021\/12\/3\/f960x540-451602_525677_0.jpg\" alt=\"El presidente L\u00f3pez Obrador se encuentra en Tabasco, en lo que es su \u00faltima gira de trabajo de este 2022. FOTO: Cuartoscuro\" \/><\/p>\n<p>El presidente\u00a0<strong>Andr\u00e9s Manuel L\u00f3pez Obrador\u00a0<\/strong>inform\u00f3 esta ma\u00f1ana desde Tabasco, en donde se encuentra de gira, que este fin de a\u00f1o descansar\u00e1 las fechas de\u00a0<strong>Navidad y A\u00f1o Nuevo<\/strong>, y aunque no especific\u00f3 si permanecer\u00e1 en la Ciudad de M\u00e9xico o\u00a0visitar\u00e1 alg\u00fan otro lugar, indic\u00f3 que\u00a0habr\u00e1 algunos d\u00edas en los se suspender\u00e1 la &#8220;Ma\u00f1anera&#8221;.<\/p>\n<p>&#8220;Habr\u00e1\u00a0<strong>conferencias<\/strong>\u00a0hasta el d\u00eda d\u00eda 23 de diciembre; el 24 no, tampoco el 25\u00a0ni el 26, pero el 27 s\u00ed, que es lunes&#8221;, indic\u00f3. &#8220;Y el fin de a\u00f1o, vamos a estar hasta el 30 en la ma\u00f1ana (<strong>conferencia<\/strong>) y regresamos el 3 (de enero). Tambi\u00e9n aplica a los<strong>\u00a0servidores p\u00fablicos<\/strong>, aunque tiene que haber guardia, nos vamos a poner de acuerdo,&#8221; destac\u00f3.<\/p>\n<p>Cuestionado sobre si planea realizar alguna otra gira de trabajo por el pa\u00eds antes que concluya el\u00a0<strong>2022<\/strong>, L\u00f3pez Obrador declar\u00f3 que no: &#8220;Esta es la \u00faltima gira de este a\u00f1o, vamos a la supervisi\u00f3n del<strong>\u00a0<\/strong>Tren May<strong>a<\/strong>, hasta el domingo regresamos a M\u00e9xico\u00a0(CDMX) para estar el lunes en la conferencia, pero ya no hay otras giras&#8221;, inform\u00f3<strong>\u00a0L\u00f3pez Obrador.\u00a0<\/strong><\/p>\n<p>Con informaci\u00f3n de Heraldo de M\u00e9xico<\/p>\n","protected":false},"excerpt":{"rendered":"<p>El presidente\u00a0Andr\u00e9s Manuel L\u00f3pez Obrador\u00a0inform\u00f3 esta ma\u00f1ana desde Tabasco, en donde se encuentra de gira, que este fin de a\u00f1o descansar\u00e1 las fechas de\u00a0Navidad y A\u00f1o Nuevo, y aunque no especific\u00f3 si permanecer\u00e1 en la Ciudad de M\u00e9xico o\u00a0visitar\u00e1 alg\u00fan otro lugar, indic\u00f3 que\u00a0habr\u00e1 algunos d\u00edas en los se suspender\u00e1 la &#8220;Ma\u00f1anera&#8221;. &#8220;Habr\u00e1\u00a0conferencias\u00a0hasta el d\u00eda &hellip;<\/p>\n","protected":false},"author":6,"featured_media":13175,"comment_status":"open","ping_status":"closed","sticky":false,"template":"","format":"standard","meta":[],"categories":[38],"tags":[98,3619,476,3122],"_links":{"self":[{"href":"https:\/\/www.elgrillitosuena.com\/inicio\/wp-json\/wp\/v2\/posts\/13164"}],"collection":[{"href":"https:\/\/www.elgrillitosuena.com\/inicio\/wp-json\/wp\/v2\/posts"}],"about":[{"href":"https:\/\/www.elgrillitosuena.com\/inicio\/wp-json\/wp\/v2\/types\/post"}],"author":[{"embeddable":true,"href":"https:\/\/www.elgrillitosuena.com\/inicio\/wp-json\/wp\/v2\/users\/6"}],"replies":[{"embeddable":true,"href":"https:\/\/www.elgrillitosuena.com\/inicio\/wp-json\/wp\/v2\/comments?post=13164"}],"version-history":[{"count":1,"href":"https:\/\/www.elgrillitosuena.com\/inicio\/wp-json\/wp\/v2\/posts\/13164\/revisions"}],"predecessor-version":[{"id":13165,"href":"https:\/\/www.elgrillitosuena.com\/inicio\/wp-json\/wp\/v2\/posts\/13164\/revisions\/13165"}],"wp:featuredmedia":[{"embeddable":true,"href":"https:\/\/www.elgrillitosuena.com\/inicio\/wp-json\/wp\/v2\/media\/13175"}],"wp:attachment":[{"href":"https:\/\/www.elgrillitosuena.com\/inicio\/wp-json\/wp\/v2\/media?parent=13164"}],"wp:term":[{"taxonomy":"category","embeddable":true,"href":"https:\/\/www.elgrillitosuena.com\/inicio\/wp-json\/wp\/v2\/categories?post=13164"},{"taxonomy":"post_tag","embeddable":true,"href":"https:\/\/www.elgrillitosuena.com\/inicio\/wp-json\/wp\/v2\/tags?post=13164"}],"curies":[{"name":"wp","href":"https:\/\/api.w.org\/{rel}","templated":true}]}}