{"id":13007,"date":"2021-12-14T18:56:52","date_gmt":"2021-12-14T18:56:52","guid":{"rendered":"https:\/\/www.elgrillitosuena.com\/inicio\/?p=13007"},"modified":"2021-12-14T18:56:52","modified_gmt":"2021-12-14T18:56:52","slug":"adios-aeropuerto-amlo-declarara-al-lago-de-texcoco-area-natural-protegida-en-febrero","status":"publish","type":"post","link":"https:\/\/www.elgrillitosuena.com\/inicio\/noticias\/mexico\/adios-aeropuerto-amlo-declarara-al-lago-de-texcoco-area-natural-protegida-en-febrero\/","title":{"rendered":"\u00a1Adi\u00f3s, aeropuerto! AMLO declarar\u00e1 al Lago de Texcoco \u00e1rea natural protegida en febrero"},"content":{"rendered":"<p><img decoding=\"async\" src=\"https:\/\/www.radioformula.com.mx\/wp-content\/uploads\/2021\/12\/albores-780x470.png\" alt=\"Mar\u00eda Luisa Albores, titular de la Secretar\u00eda de Medio Ambiente.\" \/><\/p>\n<p>El\u00a0<strong>Gobierno de M\u00e9xico<\/strong>\u00a0estima que el 24 de febrero de 2022 se declare al\u00a0<strong>Lago de Texcoco<\/strong>\u00a0como \u00c1rea Natural Protegida (ANP), dijo este lunes Mar\u00eda Luisa Albores Gonz\u00e1lez, titular de la Secretar\u00eda de Medio Ambiente y Recursos Naturales.<\/p>\n<p>\u201cEl planteamiento del presidente es que para 2022 tengamos otra \u00c1rea Natural Protegida, el caso del Lago de Texcoco. El planteamiento es que podamos tener ese decreto y trabajo realizado para el 24 de febrero, con esto es un mensaje muy claro por parte del presidente: el medio ambiente importa y se coloca en el centro\u201d, dijo.<\/p>\n<p>En septiembre de 2014, el presidente Enrique Pe\u00f1a Nieto anunci\u00f3 que en la zona federal del Lago de Texcoco se construir\u00eda el<strong>\u00a0Nuevo Aeropuerto Internacional de la Ciudad de M\u00e9xico<\/strong>. Sin embargo, con la llegada de Andr\u00e9s Manuel L\u00f3pez Obrador al Gobierno, el proyecto fue cancelado para crear el<strong>\u00a0Aeropuerto Internacional Felipe \u00c1ngeles<\/strong>\u00a0en Santa Luc\u00eda.<\/p>\n<p>Hasta el momento, el territorio en conservaci\u00f3n en el pa\u00eds corresponde a 90 millones de hect\u00e1reas en protecci\u00f3n de los que 21 millones son en terrestre y 69 millones se ubica en los litorales mexicanos.<\/p>\n<p>El lunes, en el D<strong>iario Oficial de la Federaci\u00f3n<\/strong>\u00a0(DOF) se public\u00f3 un decreto que declara ANP, con car\u00e1cter de \u00c1rea de Protecci\u00f3n de Flora y Fauna (APFF) a la Sierra de San Miguelito, ubicada en San Luis Potos\u00ed.<\/p>\n<p>A trav\u00e9s de un comunicado, la Secretar\u00eda del Medio Ambiente y Recursos Naturales detall\u00f3 que la Sierra de San Miguelito, que consta de 111 mil 160 hect\u00e1reas, est\u00e1 ubicada en los municipios de Mexquitic de Carmona, San Luis Potos\u00ed, Villa de Reyes y Villa de Arriaga.<\/p>\n<p>La dependencia de medio ambiente indic\u00f3 que el presidente Andr\u00e9s Manuel L\u00f3pez Obrador firm\u00f3 este decreto en cumplimiento a la promesa que hizo en mayo de 2019 a la ciudadan\u00eda potosina, con el prop\u00f3sito de conservar la riqueza natural y cultural de la Sierra de San Miguelito, en beneficio de las futuras generaciones, tanto de la zona como del pa\u00eds.<\/p>\n<p>Con informaci\u00f3n de Radio F\u00f3rmula<\/p>\n","protected":false},"excerpt":{"rendered":"<p>El\u00a0Gobierno de M\u00e9xico\u00a0estima que el 24 de febrero de 2022 se declare al\u00a0Lago de Texcoco\u00a0como \u00c1rea Natural Protegida (ANP), dijo este lunes Mar\u00eda Luisa Albores Gonz\u00e1lez, titular de la Secretar\u00eda de Medio Ambiente y Recursos Naturales. \u201cEl planteamiento del presidente es que para 2022 tengamos otra \u00c1rea Natural Protegida, el caso del Lago de Texcoco. &hellip;<\/p>\n","protected":false},"author":6,"featured_media":13008,"comment_status":"open","ping_status":"closed","sticky":false,"template":"","format":"standard","meta":[],"categories":[39],"tags":[3398,98,3574],"_links":{"self":[{"href":"https:\/\/www.elgrillitosuena.com\/inicio\/wp-json\/wp\/v2\/posts\/13007"}],"collection":[{"href":"https:\/\/www.elgrillitosuena.com\/inicio\/wp-json\/wp\/v2\/posts"}],"about":[{"href":"https:\/\/www.elgrillitosuena.com\/inicio\/wp-json\/wp\/v2\/types\/post"}],"author":[{"embeddable":true,"href":"https:\/\/www.elgrillitosuena.com\/inicio\/wp-json\/wp\/v2\/users\/6"}],"replies":[{"embeddable":true,"href":"https:\/\/www.elgrillitosuena.com\/inicio\/wp-json\/wp\/v2\/comments?post=13007"}],"version-history":[{"count":1,"href":"https:\/\/www.elgrillitosuena.com\/inicio\/wp-json\/wp\/v2\/posts\/13007\/revisions"}],"predecessor-version":[{"id":13009,"href":"https:\/\/www.elgrillitosuena.com\/inicio\/wp-json\/wp\/v2\/posts\/13007\/revisions\/13009"}],"wp:featuredmedia":[{"embeddable":true,"href":"https:\/\/www.elgrillitosuena.com\/inicio\/wp-json\/wp\/v2\/media\/13008"}],"wp:attachment":[{"href":"https:\/\/www.elgrillitosuena.com\/inicio\/wp-json\/wp\/v2\/media?parent=13007"}],"wp:term":[{"taxonomy":"category","embeddable":true,"href":"https:\/\/www.elgrillitosuena.com\/inicio\/wp-json\/wp\/v2\/categories?post=13007"},{"taxonomy":"post_tag","embeddable":true,"href":"https:\/\/www.elgrillitosuena.com\/inicio\/wp-json\/wp\/v2\/tags?post=13007"}],"curies":[{"name":"wp","href":"https:\/\/api.w.org\/{rel}","templated":true}]}}