{"id":12938,"date":"2021-12-11T11:15:51","date_gmt":"2021-12-11T11:15:51","guid":{"rendered":"https:\/\/www.elgrillitosuena.com\/inicio\/?p=12938"},"modified":"2021-12-13T19:27:38","modified_gmt":"2021-12-13T19:27:38","slug":"a-sumarse-a-generar-el-cambio-convoco-ignacio-campos-a-la-sociedad-civil","status":"publish","type":"post","link":"https:\/\/www.elgrillitosuena.com\/inicio\/noticias\/uruapan\/a-sumarse-a-generar-el-cambio-convoco-ignacio-campos-a-la-sociedad-civil\/","title":{"rendered":"A sumarse a generar el cambio, convoc\u00f3 Ignacio Campos a la sociedad civil"},"content":{"rendered":"<p><img decoding=\"async\" loading=\"lazy\" class=\"alignnone wp-image-12939\" src=\"https:\/\/www.elgrillitosuena.com\/inicio\/wp-content\/uploads\/2021\/12\/WhatsApp-Image-2021-12-13-at-12.44.48-PM-300x200.jpeg\" alt=\"\" width=\"650\" height=\"433\" srcset=\"https:\/\/www.elgrillitosuena.com\/inicio\/wp-content\/uploads\/2021\/12\/WhatsApp-Image-2021-12-13-at-12.44.48-PM-300x200.jpeg 300w, https:\/\/www.elgrillitosuena.com\/inicio\/wp-content\/uploads\/2021\/12\/WhatsApp-Image-2021-12-13-at-12.44.48-PM-1024x682.jpeg 1024w, https:\/\/www.elgrillitosuena.com\/inicio\/wp-content\/uploads\/2021\/12\/WhatsApp-Image-2021-12-13-at-12.44.48-PM-768x512.jpeg 768w, https:\/\/www.elgrillitosuena.com\/inicio\/wp-content\/uploads\/2021\/12\/WhatsApp-Image-2021-12-13-at-12.44.48-PM.jpeg 1280w\" sizes=\"(max-width: 650px) 100vw, 650px\" \/><\/p>\n<p>A sumarse para generar el cambio a trav\u00e9s de acciones sociales, convoc\u00f3 a la poblaci\u00f3n e iniciativa privada el presidente municipal, Ignacio Campos Equihua.<\/p>\n<p>Lo anterior, al atestiguar el trabajo comunitario que un grupo de ciudadanos, as\u00ed como de elementos de Tr\u00e1nsito y Vialidad Municipal, realizaron sobre el camell\u00f3n del Paseo L\u00e1zaro C\u00e1rdenas, en d\u00f3nde se hizo el encalamiento del arbolado.<\/p>\n<p><img decoding=\"async\" loading=\"lazy\" class=\"alignnone wp-image-12940\" src=\"https:\/\/www.elgrillitosuena.com\/inicio\/wp-content\/uploads\/2021\/12\/WhatsApp-Image-2021-12-13-at-12.44.48-PM-1-300x200.jpeg\" alt=\"\" width=\"701\" height=\"467\" srcset=\"https:\/\/www.elgrillitosuena.com\/inicio\/wp-content\/uploads\/2021\/12\/WhatsApp-Image-2021-12-13-at-12.44.48-PM-1-300x200.jpeg 300w, https:\/\/www.elgrillitosuena.com\/inicio\/wp-content\/uploads\/2021\/12\/WhatsApp-Image-2021-12-13-at-12.44.48-PM-1-1024x682.jpeg 1024w, https:\/\/www.elgrillitosuena.com\/inicio\/wp-content\/uploads\/2021\/12\/WhatsApp-Image-2021-12-13-at-12.44.48-PM-1-768x512.jpeg 768w, https:\/\/www.elgrillitosuena.com\/inicio\/wp-content\/uploads\/2021\/12\/WhatsApp-Image-2021-12-13-at-12.44.48-PM-1.jpeg 1280w\" sizes=\"(max-width: 701px) 100vw, 701px\" \/><\/p>\n<p>En su oportunidad, el edil reconoci\u00f3 la iniciativa tanto de los agentes de tr\u00e1nsito as\u00ed como de ciudadanos dedicados al corte de aguacate, para realizar faenas que coadyuven a la mejora de la imagen urbana de la ciudad.<\/p>\n<p>Coment\u00f3 que ante la carencia de recursos econ\u00f3micos, el que la sociedad civil se sume a realizar trabajo comunitario en la recuperaci\u00f3n de espacios p\u00fablicos y \u00e1reas verdes, coadyuvar\u00e1 a transformar la imagen del municipio.<\/p>\n<p><img decoding=\"async\" loading=\"lazy\" class=\"alignnone wp-image-12941\" src=\"https:\/\/www.elgrillitosuena.com\/inicio\/wp-content\/uploads\/2021\/12\/WhatsApp-Image-2021-12-13-at-12.44.47-PM-300x200.jpeg\" alt=\"\" width=\"695\" height=\"463\" srcset=\"https:\/\/www.elgrillitosuena.com\/inicio\/wp-content\/uploads\/2021\/12\/WhatsApp-Image-2021-12-13-at-12.44.47-PM-300x200.jpeg 300w, https:\/\/www.elgrillitosuena.com\/inicio\/wp-content\/uploads\/2021\/12\/WhatsApp-Image-2021-12-13-at-12.44.47-PM-1024x682.jpeg 1024w, https:\/\/www.elgrillitosuena.com\/inicio\/wp-content\/uploads\/2021\/12\/WhatsApp-Image-2021-12-13-at-12.44.47-PM-768x512.jpeg 768w, https:\/\/www.elgrillitosuena.com\/inicio\/wp-content\/uploads\/2021\/12\/WhatsApp-Image-2021-12-13-at-12.44.47-PM.jpeg 1280w\" sizes=\"(max-width: 695px) 100vw, 695px\" \/><\/p>\n<p>En este sentido, Ignacio Campos invit\u00f3 a los diferentes sectores sociales y empresariales del municipio, para sumarse a esta iniciativa de trabajo comunitario, en pro del mejoramiento de la imagen urbana.<\/p>\n","protected":false},"excerpt":{"rendered":"<p>A sumarse para generar el cambio a trav\u00e9s de acciones sociales, convoc\u00f3 a la poblaci\u00f3n e iniciativa privada el presidente municipal, Ignacio Campos Equihua. Lo anterior, al atestiguar el trabajo comunitario que un grupo de ciudadanos, as\u00ed como de elementos de Tr\u00e1nsito y Vialidad Municipal, realizaron sobre el camell\u00f3n del Paseo L\u00e1zaro C\u00e1rdenas, en d\u00f3nde &hellip;<\/p>\n","protected":false},"author":6,"featured_media":12939,"comment_status":"open","ping_status":"closed","sticky":false,"template":"","format":"standard","meta":[],"categories":[3116,37],"tags":[3565,1588,3564],"_links":{"self":[{"href":"https:\/\/www.elgrillitosuena.com\/inicio\/wp-json\/wp\/v2\/posts\/12938"}],"collection":[{"href":"https:\/\/www.elgrillitosuena.com\/inicio\/wp-json\/wp\/v2\/posts"}],"about":[{"href":"https:\/\/www.elgrillitosuena.com\/inicio\/wp-json\/wp\/v2\/types\/post"}],"author":[{"embeddable":true,"href":"https:\/\/www.elgrillitosuena.com\/inicio\/wp-json\/wp\/v2\/users\/6"}],"replies":[{"embeddable":true,"href":"https:\/\/www.elgrillitosuena.com\/inicio\/wp-json\/wp\/v2\/comments?post=12938"}],"version-history":[{"count":1,"href":"https:\/\/www.elgrillitosuena.com\/inicio\/wp-json\/wp\/v2\/posts\/12938\/revisions"}],"predecessor-version":[{"id":12942,"href":"https:\/\/www.elgrillitosuena.com\/inicio\/wp-json\/wp\/v2\/posts\/12938\/revisions\/12942"}],"wp:featuredmedia":[{"embeddable":true,"href":"https:\/\/www.elgrillitosuena.com\/inicio\/wp-json\/wp\/v2\/media\/12939"}],"wp:attachment":[{"href":"https:\/\/www.elgrillitosuena.com\/inicio\/wp-json\/wp\/v2\/media?parent=12938"}],"wp:term":[{"taxonomy":"category","embeddable":true,"href":"https:\/\/www.elgrillitosuena.com\/inicio\/wp-json\/wp\/v2\/categories?post=12938"},{"taxonomy":"post_tag","embeddable":true,"href":"https:\/\/www.elgrillitosuena.com\/inicio\/wp-json\/wp\/v2\/tags?post=12938"}],"curies":[{"name":"wp","href":"https:\/\/api.w.org\/{rel}","templated":true}]}}