{"id":12924,"date":"2021-12-13T19:01:46","date_gmt":"2021-12-13T19:01:46","guid":{"rendered":"https:\/\/www.elgrillitosuena.com\/inicio\/?p=12924"},"modified":"2021-12-13T19:01:46","modified_gmt":"2021-12-13T19:01:46","slug":"proyecta-gobierno-de-michoacan-inversion-de-mas-de-800-mdp-para-el-desarrollo-agropecuario","status":"publish","type":"post","link":"https:\/\/www.elgrillitosuena.com\/inicio\/noticias\/michoacan\/proyecta-gobierno-de-michoacan-inversion-de-mas-de-800-mdp-para-el-desarrollo-agropecuario\/","title":{"rendered":"Proyecta Gobierno de Michoac\u00e1n inversi\u00f3n de m\u00e1s de 800 mdp para el desarrollo agropecuario"},"content":{"rendered":"<p><img decoding=\"async\" loading=\"lazy\" class=\"alignnone  wp-image-12925\" src=\"https:\/\/www.elgrillitosuena.com\/inicio\/wp-content\/uploads\/2021\/12\/WhatsApp-Image-2021-12-13-at-12.20.04-PM-1-300x200.jpeg\" alt=\"\" width=\"681\" height=\"454\" srcset=\"https:\/\/www.elgrillitosuena.com\/inicio\/wp-content\/uploads\/2021\/12\/WhatsApp-Image-2021-12-13-at-12.20.04-PM-1-300x200.jpeg 300w, https:\/\/www.elgrillitosuena.com\/inicio\/wp-content\/uploads\/2021\/12\/WhatsApp-Image-2021-12-13-at-12.20.04-PM-1-1024x682.jpeg 1024w, https:\/\/www.elgrillitosuena.com\/inicio\/wp-content\/uploads\/2021\/12\/WhatsApp-Image-2021-12-13-at-12.20.04-PM-1-768x512.jpeg 768w, https:\/\/www.elgrillitosuena.com\/inicio\/wp-content\/uploads\/2021\/12\/WhatsApp-Image-2021-12-13-at-12.20.04-PM-1-1536x1023.jpeg 1536w, https:\/\/www.elgrillitosuena.com\/inicio\/wp-content\/uploads\/2021\/12\/WhatsApp-Image-2021-12-13-at-12.20.04-PM-1.jpeg 1600w\" sizes=\"(max-width: 681px) 100vw, 681px\" \/><\/p>\n<p>El Gobierno de Michoac\u00e1n realiza gestiones de inversi\u00f3n federal para fortalecer, en 2022, el sector agr\u00edcola y ganadero del estado, afirm\u00f3 el gobernador Alfredo Ram\u00edrez Bedolla.<\/p>\n<p>A decir del Secretario de Agricultura y Desarrollo Rural (Sader), Cuauht\u00e9moc Ram\u00edrez Romero, en la propuesta de presupuesto 2022, para la dependencia se estiman 630 millones de pesos que se buscan incrementar a 810 millones de pesos con la participaci\u00f3n de la federaci\u00f3n, municipios y beneficiarios.<\/p>\n<p><img decoding=\"async\" loading=\"lazy\" class=\"alignnone  wp-image-12926\" src=\"https:\/\/www.elgrillitosuena.com\/inicio\/wp-content\/uploads\/2021\/12\/WhatsApp-Image-2021-12-13-at-12.20.03-PM-1-300x200.jpeg\" alt=\"\" width=\"672\" height=\"448\" srcset=\"https:\/\/www.elgrillitosuena.com\/inicio\/wp-content\/uploads\/2021\/12\/WhatsApp-Image-2021-12-13-at-12.20.03-PM-1-300x200.jpeg 300w, https:\/\/www.elgrillitosuena.com\/inicio\/wp-content\/uploads\/2021\/12\/WhatsApp-Image-2021-12-13-at-12.20.03-PM-1-1024x682.jpeg 1024w, https:\/\/www.elgrillitosuena.com\/inicio\/wp-content\/uploads\/2021\/12\/WhatsApp-Image-2021-12-13-at-12.20.03-PM-1-768x512.jpeg 768w, https:\/\/www.elgrillitosuena.com\/inicio\/wp-content\/uploads\/2021\/12\/WhatsApp-Image-2021-12-13-at-12.20.03-PM-1-1536x1023.jpeg 1536w, https:\/\/www.elgrillitosuena.com\/inicio\/wp-content\/uploads\/2021\/12\/WhatsApp-Image-2021-12-13-at-12.20.03-PM-1.jpeg 1600w\" sizes=\"(max-width: 672px) 100vw, 672px\" \/><\/p>\n<p>&#8220;Estamos definiendo y planteando un esquema de trabajo orientado a mitigar los grandes retos del campo&#8221; puntualiz\u00f3 en rueda de prensa el funcionario.<\/p>\n<p>En ese sentido, detall\u00f3 que se impulsar\u00e1n programas como AgroSano con 132 millones de pesos, mejoramiento gen\u00e9tico de ma\u00edces criollos con 5 millones de pesos, as\u00ed como 6 millones en producci\u00f3n de semilla, 166 millones para entrega de fertilizante a mitad de precio, 1.9 millones para la construcci\u00f3n de 113 biodigestores, 1.5 millones para m\u00f3dulos de producci\u00f3n de alimentos y 6 millones para un sistema silvopastoril y forraje verde hidrop\u00f3nico.<\/p>\n<p><img decoding=\"async\" loading=\"lazy\" class=\"alignnone  wp-image-12927\" src=\"https:\/\/www.elgrillitosuena.com\/inicio\/wp-content\/uploads\/2021\/12\/WhatsApp-Image-2021-12-13-at-12.20.04-PM-300x200.jpeg\" alt=\"\" width=\"683\" height=\"455\" srcset=\"https:\/\/www.elgrillitosuena.com\/inicio\/wp-content\/uploads\/2021\/12\/WhatsApp-Image-2021-12-13-at-12.20.04-PM-300x200.jpeg 300w, https:\/\/www.elgrillitosuena.com\/inicio\/wp-content\/uploads\/2021\/12\/WhatsApp-Image-2021-12-13-at-12.20.04-PM-1024x682.jpeg 1024w, https:\/\/www.elgrillitosuena.com\/inicio\/wp-content\/uploads\/2021\/12\/WhatsApp-Image-2021-12-13-at-12.20.04-PM-768x512.jpeg 768w, https:\/\/www.elgrillitosuena.com\/inicio\/wp-content\/uploads\/2021\/12\/WhatsApp-Image-2021-12-13-at-12.20.04-PM-1536x1023.jpeg 1536w, https:\/\/www.elgrillitosuena.com\/inicio\/wp-content\/uploads\/2021\/12\/WhatsApp-Image-2021-12-13-at-12.20.04-PM.jpeg 1600w\" sizes=\"(max-width: 683px) 100vw, 683px\" \/><\/p>\n<p>Comparti\u00f3 que el estado aportar\u00e1 100 millones de pesos para rehabilitar caminos saca cosechas, sobre todo de municipios de media y alta marginaci\u00f3n.<\/p>\n<p>Concluy\u00f3 se\u00f1alando que con estos programas, se buscar\u00e1 incrementar la productividad del campo y promover la participaci\u00f3n social para la producci\u00f3n de alimentos sanos y sustentables.<\/p>\n","protected":false},"excerpt":{"rendered":"<p>El Gobierno de Michoac\u00e1n realiza gestiones de inversi\u00f3n federal para fortalecer, en 2022, el sector agr\u00edcola y ganadero del estado, afirm\u00f3 el gobernador Alfredo Ram\u00edrez Bedolla. A decir del Secretario de Agricultura y Desarrollo Rural (Sader), Cuauht\u00e9moc Ram\u00edrez Romero, en la propuesta de presupuesto 2022, para la dependencia se estiman 630 millones de pesos que &hellip;<\/p>\n","protected":false},"author":6,"featured_media":12925,"comment_status":"open","ping_status":"closed","sticky":false,"template":"","format":"standard","meta":[],"categories":[38],"tags":[3562,1644,3225],"_links":{"self":[{"href":"https:\/\/www.elgrillitosuena.com\/inicio\/wp-json\/wp\/v2\/posts\/12924"}],"collection":[{"href":"https:\/\/www.elgrillitosuena.com\/inicio\/wp-json\/wp\/v2\/posts"}],"about":[{"href":"https:\/\/www.elgrillitosuena.com\/inicio\/wp-json\/wp\/v2\/types\/post"}],"author":[{"embeddable":true,"href":"https:\/\/www.elgrillitosuena.com\/inicio\/wp-json\/wp\/v2\/users\/6"}],"replies":[{"embeddable":true,"href":"https:\/\/www.elgrillitosuena.com\/inicio\/wp-json\/wp\/v2\/comments?post=12924"}],"version-history":[{"count":1,"href":"https:\/\/www.elgrillitosuena.com\/inicio\/wp-json\/wp\/v2\/posts\/12924\/revisions"}],"predecessor-version":[{"id":12928,"href":"https:\/\/www.elgrillitosuena.com\/inicio\/wp-json\/wp\/v2\/posts\/12924\/revisions\/12928"}],"wp:featuredmedia":[{"embeddable":true,"href":"https:\/\/www.elgrillitosuena.com\/inicio\/wp-json\/wp\/v2\/media\/12925"}],"wp:attachment":[{"href":"https:\/\/www.elgrillitosuena.com\/inicio\/wp-json\/wp\/v2\/media?parent=12924"}],"wp:term":[{"taxonomy":"category","embeddable":true,"href":"https:\/\/www.elgrillitosuena.com\/inicio\/wp-json\/wp\/v2\/categories?post=12924"},{"taxonomy":"post_tag","embeddable":true,"href":"https:\/\/www.elgrillitosuena.com\/inicio\/wp-json\/wp\/v2\/tags?post=12924"}],"curies":[{"name":"wp","href":"https:\/\/api.w.org\/{rel}","templated":true}]}}