{"id":12865,"date":"2021-12-10T16:58:53","date_gmt":"2021-12-10T16:58:53","guid":{"rendered":"https:\/\/www.elgrillitosuena.com\/inicio\/?p=12865"},"modified":"2021-12-10T16:58:53","modified_gmt":"2021-12-10T16:58:53","slug":"a-la-fila-tras-refuerzos-covid-para-adultos-mayores-van-maestros","status":"publish","type":"post","link":"https:\/\/www.elgrillitosuena.com\/inicio\/noticias\/mexico\/a-la-fila-tras-refuerzos-covid-para-adultos-mayores-van-maestros\/","title":{"rendered":"A la fila: tras refuerzos COVID para adultos mayores, van maestros"},"content":{"rendered":"<p><img decoding=\"async\" src=\"https:\/\/www.radioformula.com.mx\/wp-content\/uploads\/2021\/12\/b16b68749cc44abd582a2f1ec5c1e0ba5b75bcf0w-780x470.jpg\" alt=\"b16b68749cc44abd582a2f1ec5c1e0ba5b75bcf0w\" \/><\/p>\n<p>\u00bfLe aplicar\u00e1n la vacuna de refuerzo COVID\u00a0 a las y los maestros de M\u00e9xico? \u00bfCu\u00e1ndo suceder\u00e1? El presidente\u00a0<strong>Andr\u00e9s Manuel L\u00f3pez Obrador<\/strong>\u00a0respondi\u00f3 este viernes que se les aplicar\u00e1 despu\u00e9s de los adultos mayores y, adem\u00e1s,\u00a0<strong>ser\u00e1 universal<\/strong>.<\/p>\n<p>\u201cYa lo estamos haciendo (la aplicaci\u00f3n del refuerzo). Empezamos con adultos mayores de 60 a\u00f1os hacia adelante, va a ser universal, y luego vamos con maestros. Va a haber vacunas de refuerzo en todos los casos\u201d, dijo en su \u2018ma\u00f1anera\u2019.<\/p>\n<p>En tanto, el titular del Ejecutivo refiri\u00f3 que hay suficientes biol\u00f3gicos, por lo que se aplicar\u00e1 en todos los casos se aplicar\u00e1 la dosis adicional.<\/p>\n<p>Sin embargo,\u00a0<strong>Hugo L\u00f3pez-Gatell<\/strong>, subsecretario de Salud, indic\u00f3 que no hay evidencia concluyente para recomendar refuerzos de manera generalizada.<\/p>\n<p>La vacunaci\u00f3n de refuerzo contra COVID-19 en adultos mayores inici\u00f3 el pasado martes en seis estados del pa\u00eds:\u00a0<b>Chiapas, Ciudad de M\u00e9xico, Jalisco, Oaxaca, Sinaloa\u00a0<\/b>y<b>\u00a0Yucat\u00e1n<\/b>.<\/p>\n<p>Adicionalmente, las personas adultas mayores de 60 a\u00f1os ser\u00e1n inoculadas con la\u00a0<strong>dosis de AstraZeneca<\/strong>, independientemente de la marca con la que fueron vacunadas en prima instancia.<\/p>\n<p>Con informaci\u00f3n de Radio F\u00f3rmula<\/p>\n","protected":false},"excerpt":{"rendered":"<p>\u00bfLe aplicar\u00e1n la vacuna de refuerzo COVID\u00a0 a las y los maestros de M\u00e9xico? \u00bfCu\u00e1ndo suceder\u00e1? El presidente\u00a0Andr\u00e9s Manuel L\u00f3pez Obrador\u00a0respondi\u00f3 este viernes que se les aplicar\u00e1 despu\u00e9s de los adultos mayores y, adem\u00e1s,\u00a0ser\u00e1 universal. \u201cYa lo estamos haciendo (la aplicaci\u00f3n del refuerzo). Empezamos con adultos mayores de 60 a\u00f1os hacia adelante, va a ser &hellip;<\/p>\n","protected":false},"author":6,"featured_media":12866,"comment_status":"open","ping_status":"closed","sticky":false,"template":"","format":"standard","meta":[],"categories":[39],"tags":[165,1466,2683,127],"_links":{"self":[{"href":"https:\/\/www.elgrillitosuena.com\/inicio\/wp-json\/wp\/v2\/posts\/12865"}],"collection":[{"href":"https:\/\/www.elgrillitosuena.com\/inicio\/wp-json\/wp\/v2\/posts"}],"about":[{"href":"https:\/\/www.elgrillitosuena.com\/inicio\/wp-json\/wp\/v2\/types\/post"}],"author":[{"embeddable":true,"href":"https:\/\/www.elgrillitosuena.com\/inicio\/wp-json\/wp\/v2\/users\/6"}],"replies":[{"embeddable":true,"href":"https:\/\/www.elgrillitosuena.com\/inicio\/wp-json\/wp\/v2\/comments?post=12865"}],"version-history":[{"count":1,"href":"https:\/\/www.elgrillitosuena.com\/inicio\/wp-json\/wp\/v2\/posts\/12865\/revisions"}],"predecessor-version":[{"id":12867,"href":"https:\/\/www.elgrillitosuena.com\/inicio\/wp-json\/wp\/v2\/posts\/12865\/revisions\/12867"}],"wp:featuredmedia":[{"embeddable":true,"href":"https:\/\/www.elgrillitosuena.com\/inicio\/wp-json\/wp\/v2\/media\/12866"}],"wp:attachment":[{"href":"https:\/\/www.elgrillitosuena.com\/inicio\/wp-json\/wp\/v2\/media?parent=12865"}],"wp:term":[{"taxonomy":"category","embeddable":true,"href":"https:\/\/www.elgrillitosuena.com\/inicio\/wp-json\/wp\/v2\/categories?post=12865"},{"taxonomy":"post_tag","embeddable":true,"href":"https:\/\/www.elgrillitosuena.com\/inicio\/wp-json\/wp\/v2\/tags?post=12865"}],"curies":[{"name":"wp","href":"https:\/\/api.w.org\/{rel}","templated":true}]}}