{"id":12815,"date":"2021-12-09T18:22:26","date_gmt":"2021-12-09T18:22:26","guid":{"rendered":"https:\/\/www.elgrillitosuena.com\/inicio\/?p=12815"},"modified":"2021-12-09T18:22:26","modified_gmt":"2021-12-09T18:22:26","slug":"invitan-al-mercadito-navideno-y-mercadita-solidaria","status":"publish","type":"post","link":"https:\/\/www.elgrillitosuena.com\/inicio\/noticias\/uruapan\/invitan-al-mercadito-navideno-y-mercadita-solidaria\/","title":{"rendered":"Invitan al \u201cMercadito Navide\u00f1o\u201d y \u201cMercadita Solidaria\u201d"},"content":{"rendered":"<p><img decoding=\"async\" loading=\"lazy\" class=\"alignnone  wp-image-12816\" src=\"https:\/\/www.elgrillitosuena.com\/inicio\/wp-content\/uploads\/2021\/12\/WhatsApp-Image-2021-12-09-at-12.12.00-PM-2-300x225.jpeg\" alt=\"\" width=\"696\" height=\"522\" srcset=\"https:\/\/www.elgrillitosuena.com\/inicio\/wp-content\/uploads\/2021\/12\/WhatsApp-Image-2021-12-09-at-12.12.00-PM-2-300x225.jpeg 300w, https:\/\/www.elgrillitosuena.com\/inicio\/wp-content\/uploads\/2021\/12\/WhatsApp-Image-2021-12-09-at-12.12.00-PM-2-1024x768.jpeg 1024w, https:\/\/www.elgrillitosuena.com\/inicio\/wp-content\/uploads\/2021\/12\/WhatsApp-Image-2021-12-09-at-12.12.00-PM-2-768x576.jpeg 768w, https:\/\/www.elgrillitosuena.com\/inicio\/wp-content\/uploads\/2021\/12\/WhatsApp-Image-2021-12-09-at-12.12.00-PM-2.jpeg 1280w\" sizes=\"(max-width: 696px) 100vw, 696px\" \/><\/p>\n<p>El Gobierno Municipal, a trav\u00e9s de la Secretar\u00eda de Fomento Econ\u00f3mico y en Coordinaci\u00f3n con Business Woman (BW), invitaron a los uruapenses al \u201cMercadito Business Woman\u201d y \u201cMercadita Solidaria\u201d, que se instalar\u00e1n en la avenida Francisco Villa y en la zona centro, del 17 al 19 de diciembre, con la participaci\u00f3n de al menos 60 emprendedoras uruapenses.<\/p>\n<p>El evento estuvo encabezado por Eva Marlene Rodr\u00edguez Lino, secretaria de Fomento Econ\u00f3mico Municipal, quien destac\u00f3 que la mujer emprendedora uruapense, desde que empieza a generar un proyecto observa las oportunidades, asume los riesgos y sigue adelante, con \u00e9xito en lo emprendido.<\/p>\n<p><img decoding=\"async\" loading=\"lazy\" class=\"alignnone  wp-image-12817\" src=\"https:\/\/www.elgrillitosuena.com\/inicio\/wp-content\/uploads\/2021\/12\/WhatsApp-Image-2021-12-09-at-12.12.00-PM-1-300x225.jpeg\" alt=\"\" width=\"665\" height=\"499\" srcset=\"https:\/\/www.elgrillitosuena.com\/inicio\/wp-content\/uploads\/2021\/12\/WhatsApp-Image-2021-12-09-at-12.12.00-PM-1-300x225.jpeg 300w, https:\/\/www.elgrillitosuena.com\/inicio\/wp-content\/uploads\/2021\/12\/WhatsApp-Image-2021-12-09-at-12.12.00-PM-1-1024x768.jpeg 1024w, https:\/\/www.elgrillitosuena.com\/inicio\/wp-content\/uploads\/2021\/12\/WhatsApp-Image-2021-12-09-at-12.12.00-PM-1-768x576.jpeg 768w, https:\/\/www.elgrillitosuena.com\/inicio\/wp-content\/uploads\/2021\/12\/WhatsApp-Image-2021-12-09-at-12.12.00-PM-1.jpeg 1280w\" sizes=\"(max-width: 665px) 100vw, 665px\" \/><\/p>\n<p>Expres\u00f3 que \u201choy por hoy somos el motor de nuestra familia, sociedad y pa\u00eds\u201d, adem\u00e1s de se\u00f1alar que como gobierno se dar\u00e1 impulso a todos los sectores emprendedores del municipio, pues el presidente Nacho Campos, tiene una visi\u00f3n de crecimiento muy atractiva y adecuada para Uruapan.<\/p>\n<p>En su turno, Antonio Berber Mart\u00ednez, regidor de la comisi\u00f3n de Desarrollo Econ\u00f3mico, resalt\u00f3 como un acierto la inciciativa de realizar estos eventos, porque se ha demostrado que son exitosos, tanto en ventas como en convocatoria.<\/p>\n<p><img decoding=\"async\" loading=\"lazy\" class=\"alignnone  wp-image-12818\" src=\"https:\/\/www.elgrillitosuena.com\/inicio\/wp-content\/uploads\/2021\/12\/WhatsApp-Image-2021-12-09-at-12.12.00-PM-300x225.jpeg\" alt=\"\" width=\"708\" height=\"531\" srcset=\"https:\/\/www.elgrillitosuena.com\/inicio\/wp-content\/uploads\/2021\/12\/WhatsApp-Image-2021-12-09-at-12.12.00-PM-300x225.jpeg 300w, https:\/\/www.elgrillitosuena.com\/inicio\/wp-content\/uploads\/2021\/12\/WhatsApp-Image-2021-12-09-at-12.12.00-PM-1024x768.jpeg 1024w, https:\/\/www.elgrillitosuena.com\/inicio\/wp-content\/uploads\/2021\/12\/WhatsApp-Image-2021-12-09-at-12.12.00-PM-768x576.jpeg 768w, https:\/\/www.elgrillitosuena.com\/inicio\/wp-content\/uploads\/2021\/12\/WhatsApp-Image-2021-12-09-at-12.12.00-PM.jpeg 1280w\" sizes=\"(max-width: 708px) 100vw, 708px\" \/><\/p>\n<p>A su vez, Lorena Yacuta Galv\u00e1n, co fundadora de Business Woman, detall\u00f3 que el evento Mercadita Solidaria se establecer\u00e1 en la calle Donato Guerra 2, colonia centro (atr\u00e1s del monumento a la bandera) los d\u00edas 17, 18 y 19 de diciembre, de 10 de la ma\u00f1ana a las 7 de la noche; mientras que el Mercadito Navide\u00f1o, se llevar\u00e1 a cabo los d\u00edas 17 y 18 de diciembre en la avenida Francisco Villa 37.<\/p>\n","protected":false},"excerpt":{"rendered":"<p>El Gobierno Municipal, a trav\u00e9s de la Secretar\u00eda de Fomento Econ\u00f3mico y en Coordinaci\u00f3n con Business Woman (BW), invitaron a los uruapenses al \u201cMercadito Business Woman\u201d y \u201cMercadita Solidaria\u201d, que se instalar\u00e1n en la avenida Francisco Villa y en la zona centro, del 17 al 19 de diciembre, con la participaci\u00f3n de al menos 60 &hellip;<\/p>\n","protected":false},"author":6,"featured_media":12816,"comment_status":"open","ping_status":"closed","sticky":false,"template":"","format":"standard","meta":[],"categories":[37],"tags":[3325,3534,3533,1588],"_links":{"self":[{"href":"https:\/\/www.elgrillitosuena.com\/inicio\/wp-json\/wp\/v2\/posts\/12815"}],"collection":[{"href":"https:\/\/www.elgrillitosuena.com\/inicio\/wp-json\/wp\/v2\/posts"}],"about":[{"href":"https:\/\/www.elgrillitosuena.com\/inicio\/wp-json\/wp\/v2\/types\/post"}],"author":[{"embeddable":true,"href":"https:\/\/www.elgrillitosuena.com\/inicio\/wp-json\/wp\/v2\/users\/6"}],"replies":[{"embeddable":true,"href":"https:\/\/www.elgrillitosuena.com\/inicio\/wp-json\/wp\/v2\/comments?post=12815"}],"version-history":[{"count":1,"href":"https:\/\/www.elgrillitosuena.com\/inicio\/wp-json\/wp\/v2\/posts\/12815\/revisions"}],"predecessor-version":[{"id":12819,"href":"https:\/\/www.elgrillitosuena.com\/inicio\/wp-json\/wp\/v2\/posts\/12815\/revisions\/12819"}],"wp:featuredmedia":[{"embeddable":true,"href":"https:\/\/www.elgrillitosuena.com\/inicio\/wp-json\/wp\/v2\/media\/12816"}],"wp:attachment":[{"href":"https:\/\/www.elgrillitosuena.com\/inicio\/wp-json\/wp\/v2\/media?parent=12815"}],"wp:term":[{"taxonomy":"category","embeddable":true,"href":"https:\/\/www.elgrillitosuena.com\/inicio\/wp-json\/wp\/v2\/categories?post=12815"},{"taxonomy":"post_tag","embeddable":true,"href":"https:\/\/www.elgrillitosuena.com\/inicio\/wp-json\/wp\/v2\/tags?post=12815"}],"curies":[{"name":"wp","href":"https:\/\/api.w.org\/{rel}","templated":true}]}}