{"id":12794,"date":"2021-12-08T20:47:56","date_gmt":"2021-12-08T20:47:56","guid":{"rendered":"https:\/\/www.elgrillitosuena.com\/inicio\/?p=12794"},"modified":"2021-12-08T20:47:56","modified_gmt":"2021-12-08T20:47:56","slug":"el-gobierno-municipal-ofrece-capacitacion-a-emprendedores","status":"publish","type":"post","link":"https:\/\/www.elgrillitosuena.com\/inicio\/noticias\/uruapan\/el-gobierno-municipal-ofrece-capacitacion-a-emprendedores\/","title":{"rendered":"El gobierno municipal ofrece capacitaci\u00f3n a emprendedores"},"content":{"rendered":"<p><img decoding=\"async\" loading=\"lazy\" class=\"alignnone  wp-image-12795\" src=\"https:\/\/www.elgrillitosuena.com\/inicio\/wp-content\/uploads\/2021\/12\/WhatsApp-Image-2021-12-08-at-2.42.48-PM-300x200.jpeg\" alt=\"\" width=\"674\" height=\"449\" srcset=\"https:\/\/www.elgrillitosuena.com\/inicio\/wp-content\/uploads\/2021\/12\/WhatsApp-Image-2021-12-08-at-2.42.48-PM-300x200.jpeg 300w, https:\/\/www.elgrillitosuena.com\/inicio\/wp-content\/uploads\/2021\/12\/WhatsApp-Image-2021-12-08-at-2.42.48-PM-768x513.jpeg 768w, https:\/\/www.elgrillitosuena.com\/inicio\/wp-content\/uploads\/2021\/12\/WhatsApp-Image-2021-12-08-at-2.42.48-PM.jpeg 1024w\" sizes=\"(max-width: 674px) 100vw, 674px\" \/><\/p>\n<p>Como parte del programa de vinculaci\u00f3n empresarial y capacitaci\u00f3n, el gobierno municipal a trav\u00e9s de la Secretar\u00eda de Fomento Econ\u00f3mico, est\u00e1 llevando a cabo una serie de capacitaciones en l\u00ednea, desde el d\u00eda 3 al 16 de diciembre, de manera totalmente gratuita y a trav\u00e9s de \u201cEspacio Emprendedor\u201d.<\/p>\n<p>Lo anterior fue anunciado por Eva Marlene Rodr\u00edguez Lino, secretaria de Fomento Econ\u00f3mico, quien se\u00f1al\u00f3 que para el presidente municipal Nacho Campos, es fundamental generar los v\u00ednculos con la iniciativa privada; a fin de que a trav\u00e9s de la gesti\u00f3n de capacitaci\u00f3n, recursos y tecnolog\u00eda, el despunte econ\u00f3mico del municipio sea una realidad y cerrar el a\u00f1o trabajando.<\/p>\n<p>Estas capacitaciones son en l\u00ednea y presenciales, y dan cobertura a temas como: Aprende y Emprende, Herramientas para una B\u00fasqueda Exitosa de Empleo; Adi\u00f3s RIF, Hola R\u00e9gimen de Confianza; los cuales son dirigidos a emprendedores, comerciantes, productores y p\u00fablico en general. La funcionaria agreg\u00f3 que para mayores informes de estas capacitaciones, pueden solicitar informes en Avenida Chiapas 93 interior 132, edificio La Fuente, colonia Ram\u00f3n Far\u00edas.<\/p>\n","protected":false},"excerpt":{"rendered":"<p>Como parte del programa de vinculaci\u00f3n empresarial y capacitaci\u00f3n, el gobierno municipal a trav\u00e9s de la Secretar\u00eda de Fomento Econ\u00f3mico, est\u00e1 llevando a cabo una serie de capacitaciones en l\u00ednea, desde el d\u00eda 3 al 16 de diciembre, de manera totalmente gratuita y a trav\u00e9s de \u201cEspacio Emprendedor\u201d. Lo anterior fue anunciado por Eva Marlene &hellip;<\/p>\n","protected":false},"author":6,"featured_media":12795,"comment_status":"open","ping_status":"closed","sticky":false,"template":"","format":"standard","meta":[],"categories":[37],"tags":[3525,2665],"_links":{"self":[{"href":"https:\/\/www.elgrillitosuena.com\/inicio\/wp-json\/wp\/v2\/posts\/12794"}],"collection":[{"href":"https:\/\/www.elgrillitosuena.com\/inicio\/wp-json\/wp\/v2\/posts"}],"about":[{"href":"https:\/\/www.elgrillitosuena.com\/inicio\/wp-json\/wp\/v2\/types\/post"}],"author":[{"embeddable":true,"href":"https:\/\/www.elgrillitosuena.com\/inicio\/wp-json\/wp\/v2\/users\/6"}],"replies":[{"embeddable":true,"href":"https:\/\/www.elgrillitosuena.com\/inicio\/wp-json\/wp\/v2\/comments?post=12794"}],"version-history":[{"count":1,"href":"https:\/\/www.elgrillitosuena.com\/inicio\/wp-json\/wp\/v2\/posts\/12794\/revisions"}],"predecessor-version":[{"id":12796,"href":"https:\/\/www.elgrillitosuena.com\/inicio\/wp-json\/wp\/v2\/posts\/12794\/revisions\/12796"}],"wp:featuredmedia":[{"embeddable":true,"href":"https:\/\/www.elgrillitosuena.com\/inicio\/wp-json\/wp\/v2\/media\/12795"}],"wp:attachment":[{"href":"https:\/\/www.elgrillitosuena.com\/inicio\/wp-json\/wp\/v2\/media?parent=12794"}],"wp:term":[{"taxonomy":"category","embeddable":true,"href":"https:\/\/www.elgrillitosuena.com\/inicio\/wp-json\/wp\/v2\/categories?post=12794"},{"taxonomy":"post_tag","embeddable":true,"href":"https:\/\/www.elgrillitosuena.com\/inicio\/wp-json\/wp\/v2\/tags?post=12794"}],"curies":[{"name":"wp","href":"https:\/\/api.w.org\/{rel}","templated":true}]}}