{"id":12686,"date":"2021-12-07T17:46:29","date_gmt":"2021-12-07T17:46:29","guid":{"rendered":"https:\/\/www.elgrillitosuena.com\/inicio\/?p=12686"},"modified":"2021-12-07T17:46:29","modified_gmt":"2021-12-07T17:46:29","slug":"exigen-pesquisa-exhaustiva-sobre-riqueza-de-gertz-manero","status":"publish","type":"post","link":"https:\/\/www.elgrillitosuena.com\/inicio\/noticias\/mexico\/exigen-pesquisa-exhaustiva-sobre-riqueza-de-gertz-manero\/","title":{"rendered":"Exigen pesquisa exhaustiva sobre riqueza de Gertz Manero"},"content":{"rendered":"<p><img decoding=\"async\" src=\"https:\/\/www.milenio.com\/uploads\/media\/2020\/04\/29\/sesion-ordinaria-senado-republica-nelly-4_0_1_958_596.jpeg\" alt=\"Comisi\u00f3n Permanente se instalar\u00e1 el viernes en el Senado\" \/><\/p>\n<p>L\u00edderes y legisladores de la oposici\u00f3n y Morena exigieron una investigaci\u00f3n exhaustiva en torno al fiscal General de la Rep\u00fablica, Alejandro Gertz Manero, tras revelarse una indagatoria de la Unidad de Inteligencia Financiera (UIF) sobre la riqueza del funcionario.<\/p>\n<p>El presidente nacional del PRD, Jes\u00fas Zambrano, calific\u00f3 como muy grave el asunto y advirti\u00f3 que los hechos desnudan que la lucha contra la corrupci\u00f3n es una farsa.<\/p>\n<p>\u201c\u00bfEn manos de qui\u00e9n est\u00e1 la justicia en nuestro pa\u00eds?, \u00bfen manos de qui\u00e9n est\u00e1n los \u00f3rganos encargados de perseguir los delitos y de combatir la corrupci\u00f3n?, esto viene a demostrar que la lucha contra la corrupci\u00f3n, la bandera insignia de este gobierno, est\u00e1 desnud\u00e1ndose como una verdadera farsa\u201d, dijo.<\/p>\n<p>Adelant\u00f3 que desde su partido no permitir\u00e1n que el tema quede en una denuncia medi\u00e1tica, aunque reconoci\u00f3 que analizar\u00e1n ante qu\u00e9 instancia interpondr\u00e1n una querella, pues \u201cya no se sabe en qui\u00e9n confiar\u201d.<\/p>\n<p>Ricardo Monreal afirm\u00f3: \u201cSe tiene que hacer una investigaci\u00f3n; frente a la evidencia de los hechos y a la informaci\u00f3n p\u00fablica no puede darse por sentado que se concluy\u00f3 una investigaci\u00f3n. Habr\u00e1 mucho que escribir y el Ministerio P\u00fablico tendr\u00e1 mucho que indagar\u201d.<\/p>\n<p>Advirti\u00f3 que este tipo de esc\u00e1ndalos y posibles desencuentros entre personajes pol\u00edticos afecta la confianza de la ciudadan\u00eda. \u201cLos llamar\u00eda a que no haya desencuentros entre titulares de \u00f3rganos, porque afecta la confianza ciudadana\u201d, indic\u00f3.<\/p>\n<p>Confi\u00f3 en que habr\u00e1 una investigaci\u00f3n profunda e imparcial, ya que el presidente Andr\u00e9s Manuel L\u00f3pez Obrador ha expresado su voluntad de combatir la impunidad, \u201cpero hay que tomar un comp\u00e1s, llamar a la prudencia, un llamado a la reconciliaci\u00f3n, a que las diferencias se puedan sanear con di\u00e1logo, sin que esto implique impunidad. Si hay conductas antijur\u00eddicas que se deban investigar y sancionar, se tiene que hacer\u201d.<\/p>\n<p>El senador Germ\u00e1n Mart\u00ednez exigi\u00f3 que el fiscal comparezca ante el Senado y d\u00e9 una explicaci\u00f3n de la evoluci\u00f3n de su patrimonio y las transferencias millonarias que son objeto de una investigaci\u00f3n.<\/p>\n<p>El coordinador del grupo plural del Senado advirti\u00f3 que Gertz Manero debe declarar ante el Senado, que es el \u00f3rgano legislativo que lo ratific\u00f3 en su cargo.<\/p>\n<p>\u201cYo creo que \u00e9l, para mantener la honorabilidad, la legitimidad y la credibilidad, debe dar respuesta en sede parlamentaria a estos se\u00f1alamientos, independientemente de que lo haga ante la propia UIF.<\/p>\n<p>\u201cNo acusamos ni eximimos a nadie por anticipado, pero a nuestra petici\u00f3n ha habido un ominoso silencio en el Senado, que es donde debe rendir cuentas\u201d, dijo.<\/p>\n<p>El l\u00edder del PAN en la C\u00e1mara Alta, Julen Rementer\u00eda, sostuvo que se deben llevar adelante investigaciones serias cuando hay elementos que presuman la comisi\u00f3n de un delito, sin importar el personaje que sea.<\/p>\n<p>\u201cTodos est\u00e1n obligados a demostrar que su evoluci\u00f3n patrimonial es l\u00f3gica y es congruente. Urge que haya una investigaci\u00f3n eficiente en [el caso de] todos los servidores p\u00fablicos\u201d, se\u00f1al\u00f3.<\/p>\n<p>La vicecoordinadora de Morena en San L\u00e1zaro, Aleida Alavez, se pronunci\u00f3 por que se inicie una investigaci\u00f3n en torno al caso.<\/p>\n<p>\u201cSe tiene que hacer la investigaci\u00f3n correspondiente y deslindar responsabilidades a efecto de no caer en una p\u00e9rdida de confianza de la poblaci\u00f3n. Por una situaci\u00f3n de respeto, no podr\u00edamos pronunciarnos por incriminar o no a alguien, pero s\u00ed por una investigaci\u00f3n que satisfaga a que no haya impunidad y a que se hagan todas las revisiones\u201d, puntualiz\u00f3.<\/p>\n<p>Al mismo tiempo, el coordinador de Movimiento Ciudadano (MC) en San L\u00e1zaro, Jorge \u00c1lvarez M\u00e1ynez, llam\u00f3 al gobierno federal a demostrar que realmente se combate la corrupci\u00f3n.<\/p>\n<p>\u201cDebe el gobierno acreditar que lo que se declara es una realidad.<\/p>\n<p>\u201cEl gobierno declara que se acab\u00f3 la corrupci\u00f3n, pues tiene la mesa servida para acreditarlo en los hechos, con investigaciones, que se hagan las aclaraciones necesarias\u201d, solicit\u00f3.<\/p>\n<p>Quien sali\u00f3 a la defensa fue el coordinador de la bancada del PRI, Rub\u00e9n Moreira, quien ayer mismo lider\u00f3 un encuentro con el fiscal General Gertz Manero.<\/p>\n<p>\u201cNosotros s\u00ed mantenemos nuestra confianza con el fiscal. Creemos que lo que luego se empieza a manejar en la opini\u00f3n p\u00fablica, pues tiene que mantener la reserva hasta que haya otro tipo de situaciones, hasta que haya determinaci\u00f3n de las autoridades\u201d, declar\u00f3.<\/p>\n<p>Con informaci\u00f3n de El Universal<\/p>\n","protected":false},"excerpt":{"rendered":"<p>L\u00edderes y legisladores de la oposici\u00f3n y Morena exigieron una investigaci\u00f3n exhaustiva en torno al fiscal General de la Rep\u00fablica, Alejandro Gertz Manero, tras revelarse una indagatoria de la Unidad de Inteligencia Financiera (UIF) sobre la riqueza del funcionario. El presidente nacional del PRD, Jes\u00fas Zambrano, calific\u00f3 como muy grave el asunto y advirti\u00f3 que &hellip;<\/p>\n","protected":false},"author":6,"featured_media":12687,"comment_status":"open","ping_status":"closed","sticky":false,"template":"","format":"standard","meta":[],"categories":[39],"tags":[98,3506,3153],"_links":{"self":[{"href":"https:\/\/www.elgrillitosuena.com\/inicio\/wp-json\/wp\/v2\/posts\/12686"}],"collection":[{"href":"https:\/\/www.elgrillitosuena.com\/inicio\/wp-json\/wp\/v2\/posts"}],"about":[{"href":"https:\/\/www.elgrillitosuena.com\/inicio\/wp-json\/wp\/v2\/types\/post"}],"author":[{"embeddable":true,"href":"https:\/\/www.elgrillitosuena.com\/inicio\/wp-json\/wp\/v2\/users\/6"}],"replies":[{"embeddable":true,"href":"https:\/\/www.elgrillitosuena.com\/inicio\/wp-json\/wp\/v2\/comments?post=12686"}],"version-history":[{"count":1,"href":"https:\/\/www.elgrillitosuena.com\/inicio\/wp-json\/wp\/v2\/posts\/12686\/revisions"}],"predecessor-version":[{"id":12688,"href":"https:\/\/www.elgrillitosuena.com\/inicio\/wp-json\/wp\/v2\/posts\/12686\/revisions\/12688"}],"wp:featuredmedia":[{"embeddable":true,"href":"https:\/\/www.elgrillitosuena.com\/inicio\/wp-json\/wp\/v2\/media\/12687"}],"wp:attachment":[{"href":"https:\/\/www.elgrillitosuena.com\/inicio\/wp-json\/wp\/v2\/media?parent=12686"}],"wp:term":[{"taxonomy":"category","embeddable":true,"href":"https:\/\/www.elgrillitosuena.com\/inicio\/wp-json\/wp\/v2\/categories?post=12686"},{"taxonomy":"post_tag","embeddable":true,"href":"https:\/\/www.elgrillitosuena.com\/inicio\/wp-json\/wp\/v2\/tags?post=12686"}],"curies":[{"name":"wp","href":"https:\/\/api.w.org\/{rel}","templated":true}]}}