{"id":12668,"date":"2021-12-07T17:19:03","date_gmt":"2021-12-07T17:19:03","guid":{"rendered":"https:\/\/www.elgrillitosuena.com\/inicio\/?p=12668"},"modified":"2021-12-07T17:19:03","modified_gmt":"2021-12-07T17:19:03","slug":"no-me-dolio-lopez-obrador-recibe-vacuna-de-refuerzo-contra-covid-19","status":"publish","type":"post","link":"https:\/\/www.elgrillitosuena.com\/inicio\/noticias\/mexico\/no-me-dolio-lopez-obrador-recibe-vacuna-de-refuerzo-contra-covid-19\/","title":{"rendered":"\u2018No me doli\u00f3\u2019: L\u00f3pez Obrador recibe vacuna de refuerzo contra covid-19"},"content":{"rendered":"<p><img decoding=\"async\" src=\"https:\/\/cdn2.excelsior.com.mx\/media\/styles\/image800x600\/public\/pictures\/2021\/12\/07\/2682850.jpg\" \/><\/p>\n<p>En el inicio de la\u00a0<strong>vacuna de reforzamiento contra covid-19<\/strong>\u00a0para adultos mayores de 60 a\u00f1os, el presidente Andr\u00e9s Manuel L\u00f3pez Obrador recibi\u00f3 su dosis de AstraZeneca.<\/p>\n<p>En Zapopan, Jalisco, el titular del Ejecutivo federal encabez\u00f3 el inicio de esta nueva etapa de la inmunizaci\u00f3n contra SARS-CoV-2.<\/p>\n<blockquote><p>No me doli\u00f3. Ojal\u00e1 no haya ninguna reacci\u00f3n\u201d, expres\u00f3 sonriente el mandatario a la enfermera del ISSSTE que le aplic\u00f3 la dosis de refuerzo durante su conferencia matutina.<\/p><\/blockquote>\n<p>Adem\u00e1s del presidente, los secretarios de Seguridad y Protecci\u00f3n Ciudadana,\u00a0<strong>Rosa Icela Rodr\u00edguez<\/strong>; el de Salud,\u00a0<strong>Jorge Alcocer<\/strong>; de la Marina-Armada de M\u00e9xico, R<strong>afael Ojeda Dur\u00e1n<\/strong>; de la Defensa Nacional,\u00a0<strong>Luis Cresencio Sandoval<\/strong>, y el comandante de la Guardia Nacional,\u00a0<strong>Luis Rodr\u00edguez Bucio<\/strong>, tambi\u00e9n fueron vacunados.<\/p>\n<p>La inmunizaci\u00f3n se dio luego de que adultos de la tercera edad de Jalisco que acudieron a la conferencia tambi\u00e9n fueron inmunizados contra covid-19.<\/p>\n<p>Por su parte, el subsecretario de Salud, Hugo L\u00f3pez-Gatell, anunci\u00f3 que a partir de hoy se iniciar\u00e1 la vacunaci\u00f3n de refuerzo contra covid-19 para adultos mayores y la vacuna a aplicar ser\u00e1 la de AstraZeneca.<\/p>\n<p>Explic\u00f3 que el arranque de esta etapa de la\u00a0<strong>vacunaci\u00f3n se da en la Ciudad de M\u00e9xico<\/strong>, Chiapas, Jalisco, Oaxaca, Sinaloa y Yucat\u00e1n.<\/p>\n<p>\u201cEl cambio de la pol\u00edtica de vacunaci\u00f3n es para incluir refuerzo de las vacunas para adultas mayores de 60 a\u00f1os y m\u00e1s. Estas personas ser\u00e1n invitadas a ser vacunadas con una dosis adicional, no es un segundo esquema&#8221;, expres\u00f3.<\/p>\n<p>L\u00f3pez-Gatell aclar\u00f3 que sin importar cu\u00e1l fue el esquema de vacunaci\u00f3n previo, a todos los adultos mayores se les inyectar\u00e1 el f\u00e1rmaco de AstraZeneca, aunque especific\u00f3 que para recibir esta dosis\u00a0<strong>deben haber transcurrido seis meses desde la \u00faltima inyecci\u00f3n.<\/strong><\/p>\n<p>Para reicbir esta vacuna no es necesario un registro previo, s\u00f3lo se debe contar con la credencial del INE o alg\u00fan documento para comprobar la edad respectiva.<\/p>\n<p><strong>AVANCE DE LA VACUNACI\u00d3N<\/strong><\/p>\n<p>El subsecretario de Salud inform\u00f3 que la semana 49 inici\u00f3 con una reducci\u00f3n de los casos por covid-19; adem\u00e1s, en lo que se refiere a las hospitalizaciones, se ha registrado una baja de 90 por ciento de ocupaci\u00f3n nacional en comparaci\u00f3n \u201ccon la cresta nacional\u201d.<\/p>\n<p>Al momento, 86 por ciento de adultos mayores de 18 a\u00f1os han sido inmunizados contra covid-19, es decir, 78 millones 537 mil 735 personas, de las cuales, 65 millones 487 mil 353 ya cuentan con un esquema completo y el resto con una dosis.<\/p>\n<p>Con informaci\u00f3n de Exc\u00e9lsior<\/p>\n<p>&nbsp;<\/p>\n","protected":false},"excerpt":{"rendered":"<p>En el inicio de la\u00a0vacuna de reforzamiento contra covid-19\u00a0para adultos mayores de 60 a\u00f1os, el presidente Andr\u00e9s Manuel L\u00f3pez Obrador recibi\u00f3 su dosis de AstraZeneca. En Zapopan, Jalisco, el titular del Ejecutivo federal encabez\u00f3 el inicio de esta nueva etapa de la inmunizaci\u00f3n contra SARS-CoV-2. No me doli\u00f3. Ojal\u00e1 no haya ninguna reacci\u00f3n\u201d, expres\u00f3 sonriente &hellip;<\/p>\n","protected":false},"author":6,"featured_media":12669,"comment_status":"open","ping_status":"closed","sticky":false,"template":"","format":"standard","meta":[],"categories":[39],"tags":[98,165,3499],"_links":{"self":[{"href":"https:\/\/www.elgrillitosuena.com\/inicio\/wp-json\/wp\/v2\/posts\/12668"}],"collection":[{"href":"https:\/\/www.elgrillitosuena.com\/inicio\/wp-json\/wp\/v2\/posts"}],"about":[{"href":"https:\/\/www.elgrillitosuena.com\/inicio\/wp-json\/wp\/v2\/types\/post"}],"author":[{"embeddable":true,"href":"https:\/\/www.elgrillitosuena.com\/inicio\/wp-json\/wp\/v2\/users\/6"}],"replies":[{"embeddable":true,"href":"https:\/\/www.elgrillitosuena.com\/inicio\/wp-json\/wp\/v2\/comments?post=12668"}],"version-history":[{"count":1,"href":"https:\/\/www.elgrillitosuena.com\/inicio\/wp-json\/wp\/v2\/posts\/12668\/revisions"}],"predecessor-version":[{"id":12670,"href":"https:\/\/www.elgrillitosuena.com\/inicio\/wp-json\/wp\/v2\/posts\/12668\/revisions\/12670"}],"wp:featuredmedia":[{"embeddable":true,"href":"https:\/\/www.elgrillitosuena.com\/inicio\/wp-json\/wp\/v2\/media\/12669"}],"wp:attachment":[{"href":"https:\/\/www.elgrillitosuena.com\/inicio\/wp-json\/wp\/v2\/media?parent=12668"}],"wp:term":[{"taxonomy":"category","embeddable":true,"href":"https:\/\/www.elgrillitosuena.com\/inicio\/wp-json\/wp\/v2\/categories?post=12668"},{"taxonomy":"post_tag","embeddable":true,"href":"https:\/\/www.elgrillitosuena.com\/inicio\/wp-json\/wp\/v2\/tags?post=12668"}],"curies":[{"name":"wp","href":"https:\/\/api.w.org\/{rel}","templated":true}]}}