{"id":12634,"date":"2021-12-06T17:31:26","date_gmt":"2021-12-06T17:31:26","guid":{"rendered":"https:\/\/www.elgrillitosuena.com\/inicio\/?p=12634"},"modified":"2021-12-06T17:31:26","modified_gmt":"2021-12-06T17:31:26","slug":"dinamarca-detecta-261-casos-de-la-variante-omicron-de-covid-19","status":"publish","type":"post","link":"https:\/\/www.elgrillitosuena.com\/inicio\/noticias\/mundo\/dinamarca-detecta-261-casos-de-la-variante-omicron-de-covid-19\/","title":{"rendered":"Dinamarca detecta 261 casos de la variante \u00f3micron de covid-19"},"content":{"rendered":"<p><img decoding=\"async\" src=\"https:\/\/durviz.com\/wp-content\/uploads\/2018\/04\/comprar-equipos-de-laboratorio-.jpg\" \/><\/p>\n<p>Las autoridades sanitarias danesas confirmaron hoy que el n\u00famero de casos registrados de la variante \u00f3micron\u00a0del coronavirus asciende a 261, 78 m\u00e1s que la cifra comunicada ayer, domingo.<\/p>\n<p>De los 261 totales, 73 han sido detectados mediante la secuenciaci\u00f3n del genoma y, el resto, a trav\u00e9s de una variante del test PCR que es tan segura que se considera igual de efectiva, explic\u00f3 en un comunicado el estatal Instituto Serol\u00f3gico.<\/p>\n<p>El director de este organismo, Henrik Ullum, calific\u00f3 de &#8220;preocupante&#8221; el n\u00famero de casos e inform\u00f3 de que hay cadenas de contagio entre personas que no hab\u00edan viajado o hab\u00edan tenido contacto con otros que hab\u00edan estado en alg\u00fan pa\u00eds africano.<\/p>\n<p>Dinamarca es uno de los pa\u00edses europeos que m\u00e1s test realiza a su poblaci\u00f3n, tanto PCR\u00a0como de ant\u00edgenos, y que m\u00e1s pruebas secuencia.<\/p>\n<p>La nueva variante, detectada hace unas semanas en Sud\u00e1frica, ha creado preocupaci\u00f3n por el alto n\u00famero de mutaciones que presenta, lo que ha hecho que haya sido calificada por la Organizaci\u00f3n Mundial de la Salud (OMS) como una variante de riesgo.<\/p>\n<p>Con informaci\u00f3n de Milenio Noticias<\/p>\n","protected":false},"excerpt":{"rendered":"<p>Las autoridades sanitarias danesas confirmaron hoy que el n\u00famero de casos registrados de la variante \u00f3micron\u00a0del coronavirus asciende a 261, 78 m\u00e1s que la cifra comunicada ayer, domingo. De los 261 totales, 73 han sido detectados mediante la secuenciaci\u00f3n del genoma y, el resto, a trav\u00e9s de una variante del test PCR que es tan &hellip;<\/p>\n","protected":false},"author":6,"featured_media":12635,"comment_status":"open","ping_status":"closed","sticky":false,"template":"","format":"standard","meta":[],"categories":[40],"tags":[1981,1773,3455],"_links":{"self":[{"href":"https:\/\/www.elgrillitosuena.com\/inicio\/wp-json\/wp\/v2\/posts\/12634"}],"collection":[{"href":"https:\/\/www.elgrillitosuena.com\/inicio\/wp-json\/wp\/v2\/posts"}],"about":[{"href":"https:\/\/www.elgrillitosuena.com\/inicio\/wp-json\/wp\/v2\/types\/post"}],"author":[{"embeddable":true,"href":"https:\/\/www.elgrillitosuena.com\/inicio\/wp-json\/wp\/v2\/users\/6"}],"replies":[{"embeddable":true,"href":"https:\/\/www.elgrillitosuena.com\/inicio\/wp-json\/wp\/v2\/comments?post=12634"}],"version-history":[{"count":1,"href":"https:\/\/www.elgrillitosuena.com\/inicio\/wp-json\/wp\/v2\/posts\/12634\/revisions"}],"predecessor-version":[{"id":12636,"href":"https:\/\/www.elgrillitosuena.com\/inicio\/wp-json\/wp\/v2\/posts\/12634\/revisions\/12636"}],"wp:featuredmedia":[{"embeddable":true,"href":"https:\/\/www.elgrillitosuena.com\/inicio\/wp-json\/wp\/v2\/media\/12635"}],"wp:attachment":[{"href":"https:\/\/www.elgrillitosuena.com\/inicio\/wp-json\/wp\/v2\/media?parent=12634"}],"wp:term":[{"taxonomy":"category","embeddable":true,"href":"https:\/\/www.elgrillitosuena.com\/inicio\/wp-json\/wp\/v2\/categories?post=12634"},{"taxonomy":"post_tag","embeddable":true,"href":"https:\/\/www.elgrillitosuena.com\/inicio\/wp-json\/wp\/v2\/tags?post=12634"}],"curies":[{"name":"wp","href":"https:\/\/api.w.org\/{rel}","templated":true}]}}