{"id":12631,"date":"2021-12-06T17:23:12","date_gmt":"2021-12-06T17:23:12","guid":{"rendered":"https:\/\/www.elgrillitosuena.com\/inicio\/?p=12631"},"modified":"2021-12-06T17:23:12","modified_gmt":"2021-12-06T17:23:12","slug":"profeco-pone-estrellita-a-gasolineras-y-gaseros-por-litros-completos","status":"publish","type":"post","link":"https:\/\/www.elgrillitosuena.com\/inicio\/noticias\/mexico\/profeco-pone-estrellita-a-gasolineras-y-gaseros-por-litros-completos\/","title":{"rendered":"Profeco pone \u201cestrellita\u201d a gasolineras y gaseros por litros completos"},"content":{"rendered":"<p><img decoding=\"async\" src=\"https:\/\/www.radioformula.com.mx\/wp-content\/uploads\/2021\/12\/Captura-780x470.png\" alt=\"Captura\" \/><\/p>\n<p class=\"qrShPb kno-ecr-pt PZPZlf mfMhoc hNKfZe\" data-local-attribute=\"d3bn\" data-attrid=\"title\" data-ved=\"2ahUKEwjkq5zqos_0AhU3RzABHWzvCzsQ3B0oAXoECEQQCw\">La<strong>\u00a0Procuradur\u00eda Federal del Consumidor<\/strong>\u00a0(Profeco) reconoci\u00f3 este lunes a gasolineras y gaseras por surtir \u2018litros de a litro\u2019 en sus estaciones de servicio.<\/p>\n<p data-local-attribute=\"d3bn\" data-attrid=\"title\" data-ved=\"2ahUKEwjkq5zqos_0AhU3RzABHWzvCzsQ3B0oAXoECEQQCw\">\u201cLa idea no es s\u00f3lo se\u00f1alar a los que se portan mal, para ellos hay sanciones, hay que reconocer a los que son solidarios\u201d, dijo Ricardo Sheffield, titular de Profeco.<\/p>\n<p data-local-attribute=\"d3bn\" data-attrid=\"title\" data-ved=\"2ahUKEwjkq5zqos_0AhU3RzABHWzvCzsQ3B0oAXoECEQQCw\">En materia de gasolineras, las empresas galardonadas fueron: Gasolineras Ter\u00e1n, Servicios Apache, Servicios de gasoliner\u00eda Gas Gal, que comercialmente son Rendichicas; Combustibles Rodr\u00edguez Guerra, Estaci\u00f3n de Servicio para Autoscircuito, Isla Regia y como cadena nacional se premi\u00f3 a Estaciones de Servicio Alto, marca Orsan.<\/p>\n<p>En tanto, los reconocimientos de\u00a0<strong>gas LP<\/strong>\u00a0se otorgaron a Gas\u00a0<i>Express<\/i>\u00a0Nieto de M\u00e9xico, Gas\u00a0<i>Express<\/i>\u00a0Nieto, Kino gas. En tanto, como marca a nivel nacional, la empresa Diegas fue galardonada por su mejor comportamiento y precio promedio.<\/p>\n<p>Con informaci\u00f3n de Radio F\u00f3rmula<\/p>\n","protected":false},"excerpt":{"rendered":"<p>La\u00a0Procuradur\u00eda Federal del Consumidor\u00a0(Profeco) reconoci\u00f3 este lunes a gasolineras y gaseras por surtir \u2018litros de a litro\u2019 en sus estaciones de servicio. \u201cLa idea no es s\u00f3lo se\u00f1alar a los que se portan mal, para ellos hay sanciones, hay que reconocer a los que son solidarios\u201d, dijo Ricardo Sheffield, titular de Profeco. En materia de &hellip;<\/p>\n","protected":false},"author":6,"featured_media":12632,"comment_status":"open","ping_status":"closed","sticky":false,"template":"","format":"standard","meta":[],"categories":[39],"tags":[3489,3488,151],"_links":{"self":[{"href":"https:\/\/www.elgrillitosuena.com\/inicio\/wp-json\/wp\/v2\/posts\/12631"}],"collection":[{"href":"https:\/\/www.elgrillitosuena.com\/inicio\/wp-json\/wp\/v2\/posts"}],"about":[{"href":"https:\/\/www.elgrillitosuena.com\/inicio\/wp-json\/wp\/v2\/types\/post"}],"author":[{"embeddable":true,"href":"https:\/\/www.elgrillitosuena.com\/inicio\/wp-json\/wp\/v2\/users\/6"}],"replies":[{"embeddable":true,"href":"https:\/\/www.elgrillitosuena.com\/inicio\/wp-json\/wp\/v2\/comments?post=12631"}],"version-history":[{"count":1,"href":"https:\/\/www.elgrillitosuena.com\/inicio\/wp-json\/wp\/v2\/posts\/12631\/revisions"}],"predecessor-version":[{"id":12633,"href":"https:\/\/www.elgrillitosuena.com\/inicio\/wp-json\/wp\/v2\/posts\/12631\/revisions\/12633"}],"wp:featuredmedia":[{"embeddable":true,"href":"https:\/\/www.elgrillitosuena.com\/inicio\/wp-json\/wp\/v2\/media\/12632"}],"wp:attachment":[{"href":"https:\/\/www.elgrillitosuena.com\/inicio\/wp-json\/wp\/v2\/media?parent=12631"}],"wp:term":[{"taxonomy":"category","embeddable":true,"href":"https:\/\/www.elgrillitosuena.com\/inicio\/wp-json\/wp\/v2\/categories?post=12631"},{"taxonomy":"post_tag","embeddable":true,"href":"https:\/\/www.elgrillitosuena.com\/inicio\/wp-json\/wp\/v2\/tags?post=12631"}],"curies":[{"name":"wp","href":"https:\/\/api.w.org\/{rel}","templated":true}]}}