{"id":12628,"date":"2021-12-06T17:19:14","date_gmt":"2021-12-06T17:19:14","guid":{"rendered":"https:\/\/www.elgrillitosuena.com\/inicio\/?p=12628"},"modified":"2021-12-06T17:19:14","modified_gmt":"2021-12-06T17:19:14","slug":"amlo-visitara-los-estados-con-mas-homicidios-y-con-mayor-indice-delictivo","status":"publish","type":"post","link":"https:\/\/www.elgrillitosuena.com\/inicio\/noticias\/mexico\/amlo-visitara-los-estados-con-mas-homicidios-y-con-mayor-indice-delictivo\/","title":{"rendered":"AMLO visitar\u00e1 los estados con m\u00e1s homicidios y con mayor \u00edndice delictivo"},"content":{"rendered":"<p><img decoding=\"async\" src=\"https:\/\/heraldodemexico.com.mx\/u\/fotografias\/m\/2021\/12\/6\/f960x540-452368_526443_0.jpg\" alt=\"El presidente visita los estados con m\u00e1s delitos. Foto: Presidencia\" \/><\/p>\n<p>El presidente\u00a0<strong>Andr\u00e9s Manuel L\u00f3pez Obrador\u00a0<\/strong>inform\u00f3\u00a0en la Ma\u00f1anera\u00a0que su visita en el interior de la rep\u00fablica es en las entidades que tienen mayor tasa de homicidios y altos \u00edndices delictivos.<\/p>\n<p>&#8220;Estamos visitando los estados con\u00a0<strong>m\u00e1s incidencia delictiva<\/strong>\u00a0sobretodo con\u00a0<strong>homicidios<\/strong>, hoy por la tarde salimos a Guadalajara, ma\u00f1ana tenemos la conferencia ah\u00ed, desde luego antes la reuni\u00f3n de seguridad por la atenci\u00f3n que estamos dando y vamos a seguir atendiendo a Jalisco&#8221;, destac\u00f3 AMLO.<\/p>\n<p>Durante esta semana, el jefe del Ejecutivo precis\u00f3 que viajar\u00e1 a cinco estados que presentan los altos \u00edndices de homicidios. Este martes iniciar\u00e1 en\u00a0<strong>Jalisco<\/strong>, para despu\u00e9s viajar a\u00a0<strong>Nayarit<\/strong>\u00a0el mi\u00e9rcoles y el viernes a\u00a0<strong>Chihuahua<\/strong>\u00a0y Ciudad Ju\u00e1rez, mientras que el s\u00e1bado ir\u00e1 a\u00a0<strong>Tijuana, Baja California<\/strong>\u00a0para concluir en\u00a0Guerrero Negro en\u00a0<strong>Baja California Sur<\/strong>.<\/p>\n<p>L\u00f3pez Obrador indic\u00f3 que el objetivo de su gira por el pa\u00eds es reforzar la seguridad como lo han hecho en\u00a0<strong>Zacatecas, Guanajuato, Jalisco, Quintana Roo\u00a0<\/strong>y el\u00a0<strong>Estado de M\u00e9xico<\/strong>\u00a0que presentan\u00a0m\u00e1s incidencia delictiva y homicidios, a trav\u00e9s de\u00a0un plan especial para apoyar a las entidades.<\/p>\n<p>AMLO anunci\u00f3 el s\u00e1bado que\u00a0el pr\u00f3ximo 16 de diciembre se realizar\u00e1 la\u00a0<strong>Reuni\u00f3n Anual de Seguridad y de Protecci\u00f3n Civil<\/strong>\u00a0con todos los gobernadores del pa\u00eds\u00a0en\u00a0Villahermosa,\u00a0Tabasco.<\/p>\n<p>El presidente de M\u00e9xico adelant\u00f3 que en esa reuni\u00f3n se\u00a0propondr\u00e1 a todos los gobernadores crear una\u00a0<strong>pensi\u00f3n universal,<\/strong>\u00a0dividida en partes iguales, para todas las personas con alguna discapacidad del pa\u00eds.<\/p>\n<p>Con informaci\u00f3n de Heraldo de M\u00e9xico<\/p>\n","protected":false},"excerpt":{"rendered":"<p>El presidente\u00a0Andr\u00e9s Manuel L\u00f3pez Obrador\u00a0inform\u00f3\u00a0en la Ma\u00f1anera\u00a0que su visita en el interior de la rep\u00fablica es en las entidades que tienen mayor tasa de homicidios y altos \u00edndices delictivos. &#8220;Estamos visitando los estados con\u00a0m\u00e1s incidencia delictiva\u00a0sobretodo con\u00a0homicidios, hoy por la tarde salimos a Guadalajara, ma\u00f1ana tenemos la conferencia ah\u00ed, desde luego antes la reuni\u00f3n de &hellip;<\/p>\n","protected":false},"author":6,"featured_media":12629,"comment_status":"open","ping_status":"closed","sticky":false,"template":"","format":"standard","meta":[],"categories":[39],"tags":[98,1020,3487],"_links":{"self":[{"href":"https:\/\/www.elgrillitosuena.com\/inicio\/wp-json\/wp\/v2\/posts\/12628"}],"collection":[{"href":"https:\/\/www.elgrillitosuena.com\/inicio\/wp-json\/wp\/v2\/posts"}],"about":[{"href":"https:\/\/www.elgrillitosuena.com\/inicio\/wp-json\/wp\/v2\/types\/post"}],"author":[{"embeddable":true,"href":"https:\/\/www.elgrillitosuena.com\/inicio\/wp-json\/wp\/v2\/users\/6"}],"replies":[{"embeddable":true,"href":"https:\/\/www.elgrillitosuena.com\/inicio\/wp-json\/wp\/v2\/comments?post=12628"}],"version-history":[{"count":1,"href":"https:\/\/www.elgrillitosuena.com\/inicio\/wp-json\/wp\/v2\/posts\/12628\/revisions"}],"predecessor-version":[{"id":12630,"href":"https:\/\/www.elgrillitosuena.com\/inicio\/wp-json\/wp\/v2\/posts\/12628\/revisions\/12630"}],"wp:featuredmedia":[{"embeddable":true,"href":"https:\/\/www.elgrillitosuena.com\/inicio\/wp-json\/wp\/v2\/media\/12629"}],"wp:attachment":[{"href":"https:\/\/www.elgrillitosuena.com\/inicio\/wp-json\/wp\/v2\/media?parent=12628"}],"wp:term":[{"taxonomy":"category","embeddable":true,"href":"https:\/\/www.elgrillitosuena.com\/inicio\/wp-json\/wp\/v2\/categories?post=12628"},{"taxonomy":"post_tag","embeddable":true,"href":"https:\/\/www.elgrillitosuena.com\/inicio\/wp-json\/wp\/v2\/tags?post=12628"}],"curies":[{"name":"wp","href":"https:\/\/api.w.org\/{rel}","templated":true}]}}