{"id":12616,"date":"2021-12-03T19:53:27","date_gmt":"2021-12-03T19:53:27","guid":{"rendered":"https:\/\/www.elgrillitosuena.com\/inicio\/?p=12616"},"modified":"2021-12-03T19:53:27","modified_gmt":"2021-12-03T19:53:27","slug":"omicron-en-mexico-en-observacion-ocho-contactos-del-paciente-con-nueva-variante","status":"publish","type":"post","link":"https:\/\/www.elgrillitosuena.com\/inicio\/noticias\/mexico\/omicron-en-mexico-en-observacion-ocho-contactos-del-paciente-con-nueva-variante\/","title":{"rendered":"\u00d3micron en M\u00e9xico: en observaci\u00f3n, ocho contactos del paciente con nueva variante"},"content":{"rendered":"<p><img decoding=\"async\" src=\"https:\/\/www.radioformula.com.mx\/wp-content\/uploads\/2021\/10\/covid_19_oficinas_lopez_gatell_secretaria_de_salud-radioformula-780x470.jpg\" alt=\"Por contagios de COVID-19, cierran oficinas de Jorge Alcocer y L\u00f3pez-Gatell en CDMX\" \/><\/p>\n<p>Tras la confirmaci\u00f3n del primer caso en M\u00e9xico de la\u00a0<strong>variante \u00d3micron<\/strong>, autoridades de salud informaron que se investiga a ocho contactos del paciente contagiado.<\/p>\n<p>En conferencia,\u00a0<strong>Hugo L\u00f3pez-Gatell, subsecretario de Prevenci\u00f3n y Promoci\u00f3n de la Salud<\/strong>, indic\u00f3 que estas personas se encuentran en observaci\u00f3n y aislamiento.<\/p>\n<p>El funcionario detall\u00f3 que el primer caso positivo cuenta con un esquema completo de vacunaci\u00f3n de Pfizer, tiene 51 a\u00f1os y es originario de Sud\u00e1frica.<\/p>\n<p>Asegur\u00f3 que a\u00fan no hay evidencia de que la\u00a0<strong>nueva variante<\/strong>\u00a0sea m\u00e1s \u201cvirulenta\u201d ni que cause enfermedad m\u00e1s grave.<\/p>\n<p>Gatell destac\u00f3 que, ante este primer caso, el mensaje para la poblaci\u00f3n es a vacunarse contra\u00a0<strong>COVID.<\/strong><\/p>\n<p>\u201cEl llamado es a vacunarse, no por \u00d3micron, por cualquier variante que ha existido o que exista\u201d, indic\u00f3.<\/p>\n<p>Subray\u00f3 que el 86% de la poblaci\u00f3n elegible para vacunarse ya tiene al menos una dosis y dijo que el pr\u00f3ximo martes se anunciar\u00e1 el esquema para los refuerzos.<\/p>\n<p>Refiri\u00f3 que las pruebas siguen siendo \u00fatiles para detectar esta\u00a0<strong>nueva variante<\/strong>, la cual ya circula en\u00a0<strong>42 pa\u00edses.<\/strong><\/p>\n<p>Con informaci\u00f3n de Radio F\u00f3rmula<\/p>\n","protected":false},"excerpt":{"rendered":"<p>Tras la confirmaci\u00f3n del primer caso en M\u00e9xico de la\u00a0variante \u00d3micron, autoridades de salud informaron que se investiga a ocho contactos del paciente contagiado. En conferencia,\u00a0Hugo L\u00f3pez-Gatell, subsecretario de Prevenci\u00f3n y Promoci\u00f3n de la Salud, indic\u00f3 que estas personas se encuentran en observaci\u00f3n y aislamiento. El funcionario detall\u00f3 que el primer caso positivo cuenta con &hellip;<\/p>\n","protected":false},"author":6,"featured_media":12617,"comment_status":"open","ping_status":"closed","sticky":false,"template":"","format":"standard","meta":[],"categories":[39],"tags":[711,3483],"_links":{"self":[{"href":"https:\/\/www.elgrillitosuena.com\/inicio\/wp-json\/wp\/v2\/posts\/12616"}],"collection":[{"href":"https:\/\/www.elgrillitosuena.com\/inicio\/wp-json\/wp\/v2\/posts"}],"about":[{"href":"https:\/\/www.elgrillitosuena.com\/inicio\/wp-json\/wp\/v2\/types\/post"}],"author":[{"embeddable":true,"href":"https:\/\/www.elgrillitosuena.com\/inicio\/wp-json\/wp\/v2\/users\/6"}],"replies":[{"embeddable":true,"href":"https:\/\/www.elgrillitosuena.com\/inicio\/wp-json\/wp\/v2\/comments?post=12616"}],"version-history":[{"count":1,"href":"https:\/\/www.elgrillitosuena.com\/inicio\/wp-json\/wp\/v2\/posts\/12616\/revisions"}],"predecessor-version":[{"id":12618,"href":"https:\/\/www.elgrillitosuena.com\/inicio\/wp-json\/wp\/v2\/posts\/12616\/revisions\/12618"}],"wp:featuredmedia":[{"embeddable":true,"href":"https:\/\/www.elgrillitosuena.com\/inicio\/wp-json\/wp\/v2\/media\/12617"}],"wp:attachment":[{"href":"https:\/\/www.elgrillitosuena.com\/inicio\/wp-json\/wp\/v2\/media?parent=12616"}],"wp:term":[{"taxonomy":"category","embeddable":true,"href":"https:\/\/www.elgrillitosuena.com\/inicio\/wp-json\/wp\/v2\/categories?post=12616"},{"taxonomy":"post_tag","embeddable":true,"href":"https:\/\/www.elgrillitosuena.com\/inicio\/wp-json\/wp\/v2\/tags?post=12616"}],"curies":[{"name":"wp","href":"https:\/\/api.w.org\/{rel}","templated":true}]}}