{"id":12498,"date":"2021-11-30T17:35:33","date_gmt":"2021-11-30T17:35:33","guid":{"rendered":"https:\/\/www.elgrillitosuena.com\/inicio\/?p=12498"},"modified":"2021-11-30T17:35:33","modified_gmt":"2021-11-30T17:35:33","slug":"gobierno-aplicara-vacuna-anticovid-de-refuerzo-a-adultos-mayores-anuncia-amlo","status":"publish","type":"post","link":"https:\/\/www.elgrillitosuena.com\/inicio\/noticias\/mexico\/gobierno-aplicara-vacuna-anticovid-de-refuerzo-a-adultos-mayores-anuncia-amlo\/","title":{"rendered":"Gobierno aplicar\u00e1 vacuna anticovid de refuerzo a adultos mayores, anuncia AMLO"},"content":{"rendered":"<p><img decoding=\"async\" src=\"https:\/\/www.altonivel.com.mx\/wp-content\/uploads\/2020\/12\/primera-vacuna-covid-mexico.jpg\" \/><\/p>\n<p>El presidente Andr\u00e9s Manuel L\u00f3pez Obrador inform\u00f3 que el gobierno federal tiene contemplado aplicar un refuerzo de la vacuna contra el coronavirus covid-19 a adultos mayores, as\u00ed como a otros sectores de la poblaci\u00f3n, como parte del plan de atenci\u00f3n a la pandemia.<\/p>\n<p>En La Ma\u00f1anera, L\u00f3pez Obrador coment\u00f3 que la dosis de refuerzo se aplicar\u00e1 lo m\u00e1s pronto posible, ya que a\u00fan falta concluir la vacunaci\u00f3n con esquema completo en varias comunidades del pa\u00eds.<\/p>\n<p>&#8220;S\u00ed, lo tenemos contemplado, no se ha anunciado porque hubo mucha alarma con lo de la nueva variante y quisimos actuar con prudencia para no infundir miedo, pero s\u00ed es parte del plan que se tiene.<\/p>\n<p>&#8220;Ya lo m\u00e1s pronto, tenemos que seguir vacunando en comunidades muy apartadas, porque se ha avanzado bastante en vacunaci\u00f3n, en la Ciudad de M\u00e9xico ya est\u00e1 casi al 100 por ciento con dos dosis, es un ejemplo, pero hay estados en los que tenemos todav\u00eda que seguir visitando peque\u00f1as comunidades&#8221;, dijo\u00a0el Antiguo Palacio de Ayuntamiento.<\/p>\n<p>Mencion\u00f3 que asimismo, se tiene previsto reforzar la vacunaci\u00f3n a los maestros, quienes fueron inmunizados con Cansino, debido a que de acuerdo con investigaciones hay biol\u00f3gicos que necesitan una dosis adicional.<\/p>\n<p>&#8220;Lo mismo, se van a reforzar en algunas vacunas que de acuerdo a las investigaciones necesitan ese refuerzo, pero no va a tardar mucho. Tenemos vacunas para reforzar, para todo el plan de reforzamiento&#8221;, afirm\u00f3.<\/p>\n<p>Con informaci\u00f3n de Milenio Noticias<\/p>\n","protected":false},"excerpt":{"rendered":"<p>El presidente Andr\u00e9s Manuel L\u00f3pez Obrador inform\u00f3 que el gobierno federal tiene contemplado aplicar un refuerzo de la vacuna contra el coronavirus covid-19 a adultos mayores, as\u00ed como a otros sectores de la poblaci\u00f3n, como parte del plan de atenci\u00f3n a la pandemia. En La Ma\u00f1anera, L\u00f3pez Obrador coment\u00f3 que la dosis de refuerzo se &hellip;<\/p>\n","protected":false},"author":6,"featured_media":12499,"comment_status":"open","ping_status":"closed","sticky":false,"template":"","format":"standard","meta":[],"categories":[39],"tags":[98,165,2683,126],"_links":{"self":[{"href":"https:\/\/www.elgrillitosuena.com\/inicio\/wp-json\/wp\/v2\/posts\/12498"}],"collection":[{"href":"https:\/\/www.elgrillitosuena.com\/inicio\/wp-json\/wp\/v2\/posts"}],"about":[{"href":"https:\/\/www.elgrillitosuena.com\/inicio\/wp-json\/wp\/v2\/types\/post"}],"author":[{"embeddable":true,"href":"https:\/\/www.elgrillitosuena.com\/inicio\/wp-json\/wp\/v2\/users\/6"}],"replies":[{"embeddable":true,"href":"https:\/\/www.elgrillitosuena.com\/inicio\/wp-json\/wp\/v2\/comments?post=12498"}],"version-history":[{"count":1,"href":"https:\/\/www.elgrillitosuena.com\/inicio\/wp-json\/wp\/v2\/posts\/12498\/revisions"}],"predecessor-version":[{"id":12500,"href":"https:\/\/www.elgrillitosuena.com\/inicio\/wp-json\/wp\/v2\/posts\/12498\/revisions\/12500"}],"wp:featuredmedia":[{"embeddable":true,"href":"https:\/\/www.elgrillitosuena.com\/inicio\/wp-json\/wp\/v2\/media\/12499"}],"wp:attachment":[{"href":"https:\/\/www.elgrillitosuena.com\/inicio\/wp-json\/wp\/v2\/media?parent=12498"}],"wp:term":[{"taxonomy":"category","embeddable":true,"href":"https:\/\/www.elgrillitosuena.com\/inicio\/wp-json\/wp\/v2\/categories?post=12498"},{"taxonomy":"post_tag","embeddable":true,"href":"https:\/\/www.elgrillitosuena.com\/inicio\/wp-json\/wp\/v2\/tags?post=12498"}],"curies":[{"name":"wp","href":"https:\/\/api.w.org\/{rel}","templated":true}]}}