{"id":12311,"date":"2021-11-25T17:17:02","date_gmt":"2021-11-25T17:17:02","guid":{"rendered":"https:\/\/www.elgrillitosuena.com\/inicio\/?p=12311"},"modified":"2021-11-25T17:17:02","modified_gmt":"2021-11-25T17:17:02","slug":"lopez-obrador-retira-nombramiento-de-arturo-herrera-para-gobernador-de-banxico","status":"publish","type":"post","link":"https:\/\/www.elgrillitosuena.com\/inicio\/noticias\/mexico\/lopez-obrador-retira-nombramiento-de-arturo-herrera-para-gobernador-de-banxico\/","title":{"rendered":"L\u00f3pez Obrador retira nombramiento de Arturo Herrera para gobernador de Banxico"},"content":{"rendered":"<p><img decoding=\"async\" src=\"https:\/\/cdn2.excelsior.com.mx\/media\/styles\/image800x600\/public\/pictures\/2021\/11\/23\/2676322.jpg\" \/><\/p>\n<p>El presidente\u00a0<strong>Andr\u00e9s Manuel L\u00f3pez Obrador\u00a0<\/strong>retir\u00f3 la\u00a0propuesta de sumar a Arturo Herrera a la Junta de Gobierno de Banco de M\u00e9xico\u00a0(<strong>Banxico<\/strong>), inform\u00f3 Ricardo Monreal.<\/p>\n<p>El l\u00edder de la bancada de Morena en el Senado, detall\u00f3 que fue desde agosto que la oficina del Ejecutivo retir\u00f3 la propuesta.<\/p>\n<blockquote><p>\u201cDesde julio, el Ejecutivo federal envi\u00f3 tres nombramientos para ratificaci\u00f3n del Senado: el del secretario de Hacienda, Ram\u00edrez de la O; el del secretario de la Funci\u00f3n P\u00fablica, y de Arturo Herrera que lo hab\u00eda asignado como integrante del Banxico. Luego, en agosto, el Ejecutivo retir\u00f3 el nombramiento para miembro (del Banxico) y nosotros no hacemos otra cosas que aceptar\u201d, dijo el coordinador de Morena en el Senado.<\/p><\/blockquote>\n<p>Por tanto, Monreal dijo que el Senado no avanz\u00f3 en el nombramiento y \u00fanicamente trabaj\u00f3 en otros nombramientos como el del secretario de Hacienda, Rogelio Rodr\u00edguez de la O.<\/p>\n<p>Monreal afirm\u00f3 que Arturo Herrera, exsecretario de Hacienda y Cr\u00e9dito P\u00fablico (SHCP), es un buen elemento, pero desconoce el motivo por el cual el presidente\u00a0L\u00f3pez Obrador baj\u00f3 ese nombre como su apuesta para el Banco de M\u00e9xico.<\/p>\n<blockquote><p>&#8220;Es un hombre conocedor de la materia, es un hombre que tiene conocimiento para llegar al Banco de M\u00e9xico, pero esa es la decidi\u00f3 del presidente L\u00f3pez Obrador&#8221;, destac\u00f3 Monreal.<\/p><\/blockquote>\n<p>Fue en junio pasado cuando el presidente L\u00f3pez Obrador inform\u00f3 del relevo en la Secretar\u00eda de Hacienda y detall\u00f3 que\u00a0<strong>Arturo Herrera\u00a0<\/strong>ser\u00eda propuesto para gobernador de Banxico mientras que en la SHCP se incorporaba Rogelio Ram\u00edrez de la O.<\/p>\n<p>Un cambio para el bien de M\u00e9xico: Arturo Herrera ser\u00e1 propuesto como gobernador del Banco de M\u00e9xico y llega a la Secretar\u00eda de Hacienda y Cr\u00e9dito P\u00fablico, Rogelio Ram\u00edrez de la O.<\/p>\n<p>En octubre, Arturo Herrera comparti\u00f3 en sus redes sociales que se hab\u00eda incorporado como profesor en el\u00a0<strong>Colegio de M\u00e9xico (Colmex).<\/strong><\/p>\n<p>El e<strong>xsecretario de Hacienda y Cr\u00e9dito P\u00fablico<\/strong>\u00a0(SHCP) inform\u00f3 que se encuentra impartiendo clases como profesor visitante, en el Centro de Estudios Econ\u00f3micos y comparti\u00f3 en sus redes sociales una imagen desde su nuevo despacho.<\/p>\n<blockquote><p>\u201cMi nueva responsabilidad en el Colmex no requiere el uso de corbata, pero s\u00ed de arrastrar el l\u00e1piz (electr\u00f3nico) y el plum\u00f3n\u201d, escribi\u00f3 en su cuenta de Twitter para compartir el momento.<\/p><\/blockquote>\n<p>El economista, detall\u00f3 que imparte clases de \u201cTeor\u00eda y pol\u00edtica monetaria\u201d, y agreg\u00f3 que \u201cel \u00e1lgebra que se ve en el pizarr\u00f3n viene de un art\u00edculo de Kendra Rogoff, en el que plantea las bases te\u00f3ricas de por qu\u00e9 el Banco Central deber\u00eda tener autonom\u00eda\u201d.<\/p>\n<p>Con informaci\u00f3n de Exc\u00e9lsior<\/p>\n","protected":false},"excerpt":{"rendered":"<p>El presidente\u00a0Andr\u00e9s Manuel L\u00f3pez Obrador\u00a0retir\u00f3 la\u00a0propuesta de sumar a Arturo Herrera a la Junta de Gobierno de Banco de M\u00e9xico\u00a0(Banxico), inform\u00f3 Ricardo Monreal. El l\u00edder de la bancada de Morena en el Senado, detall\u00f3 que fue desde agosto que la oficina del Ejecutivo retir\u00f3 la propuesta. \u201cDesde julio, el Ejecutivo federal envi\u00f3 tres nombramientos para &hellip;<\/p>\n","protected":false},"author":6,"featured_media":12312,"comment_status":"open","ping_status":"closed","sticky":false,"template":"","format":"standard","meta":[],"categories":[39],"tags":[98,3425,1074],"_links":{"self":[{"href":"https:\/\/www.elgrillitosuena.com\/inicio\/wp-json\/wp\/v2\/posts\/12311"}],"collection":[{"href":"https:\/\/www.elgrillitosuena.com\/inicio\/wp-json\/wp\/v2\/posts"}],"about":[{"href":"https:\/\/www.elgrillitosuena.com\/inicio\/wp-json\/wp\/v2\/types\/post"}],"author":[{"embeddable":true,"href":"https:\/\/www.elgrillitosuena.com\/inicio\/wp-json\/wp\/v2\/users\/6"}],"replies":[{"embeddable":true,"href":"https:\/\/www.elgrillitosuena.com\/inicio\/wp-json\/wp\/v2\/comments?post=12311"}],"version-history":[{"count":1,"href":"https:\/\/www.elgrillitosuena.com\/inicio\/wp-json\/wp\/v2\/posts\/12311\/revisions"}],"predecessor-version":[{"id":12313,"href":"https:\/\/www.elgrillitosuena.com\/inicio\/wp-json\/wp\/v2\/posts\/12311\/revisions\/12313"}],"wp:featuredmedia":[{"embeddable":true,"href":"https:\/\/www.elgrillitosuena.com\/inicio\/wp-json\/wp\/v2\/media\/12312"}],"wp:attachment":[{"href":"https:\/\/www.elgrillitosuena.com\/inicio\/wp-json\/wp\/v2\/media?parent=12311"}],"wp:term":[{"taxonomy":"category","embeddable":true,"href":"https:\/\/www.elgrillitosuena.com\/inicio\/wp-json\/wp\/v2\/categories?post=12311"},{"taxonomy":"post_tag","embeddable":true,"href":"https:\/\/www.elgrillitosuena.com\/inicio\/wp-json\/wp\/v2\/tags?post=12311"}],"curies":[{"name":"wp","href":"https:\/\/api.w.org\/{rel}","templated":true}]}}