{"id":12292,"date":"2021-11-25T15:07:01","date_gmt":"2021-11-25T15:07:01","guid":{"rendered":"https:\/\/www.elgrillitosuena.com\/inicio\/?p=12292"},"modified":"2021-11-25T15:07:01","modified_gmt":"2021-11-25T15:07:01","slug":"economia-de-mexico-cae-0-4-en-tercer-trimestre-de-2021","status":"publish","type":"post","link":"https:\/\/www.elgrillitosuena.com\/inicio\/noticias\/mexico\/economia-de-mexico-cae-0-4-en-tercer-trimestre-de-2021\/","title":{"rendered":"Econom\u00eda de M\u00e9xico cae 0.4% en tercer trimestre de 2021"},"content":{"rendered":"<p><img decoding=\"async\" src=\"https:\/\/cdn2.excelsior.com.mx\/media\/styles\/image800x600\/public\/pictures\/2021\/11\/25\/2677290.jpg\" \/><\/p>\n<p>La\u00a0<strong>econom\u00eda de M\u00e9xico se contrajo en 0.4%<\/strong>\u00a0el tercer trimestre m\u00e1s de lo que se estim\u00f3 preliminarmente y lo que esperaba el mercado, en su\u00a0<strong>primera ca\u00edda desde que comenz\u00f3 su recuperaci\u00f3n de la pandemia<\/strong>, golpeada por la tercera ola de covid-19 y\u00a0<strong>cuellos de botella en las cadenas de suministr<\/strong>o.<\/p>\n<p>El Producto Interno Bruto (PIB) mostr\u00f3 un\u00a0<strong>retroceso de un 0.4% a tasa trimestral<\/strong>, seg\u00fan cifras desestacionalizadas divulgadas el jueves por el Instituto Nacional de Estad\u00edstica y Geograf\u00eda (Inegi), frente al dato estimado a finales de octubre de un 0.2%. Analistas consultados por Reuters esperaban una contracci\u00f3n de un 0.3%.<\/p>\n<p>El mayor golpe de la pandemia a la segunda econom\u00eda m\u00e1s grande de Am\u00e9rica Latina se produjo en el trimestre abril-junio de 2020, con un desplome de un 17.8%, cifra que fue revisada. Desde entonces,\u00a0<strong>M\u00e9xico hab\u00eda registrado cuatro per\u00edodos consecutivos de crecimiento trimestral.<\/strong><\/p>\n<p>Las\u00a0<strong>actividades primarias crecieron un 1.3%<\/strong>, mientras que las secundarias, lideradas por la manufactura, subieron un 0.3%, y las terciarias o servicios descendieron un 0.9%, detall\u00f3 el Inegi.<\/p>\n<p>A tasa interanual, el\u00a0<strong>PIB registr\u00f3 un avance de un 4.5% entre julio y septiembre<\/strong>, frente a una expansi\u00f3n de un 4.6% en cifras originales en el mismo per\u00edodo del a\u00f1o pasado.<\/p>\n<p>La econom\u00eda mexicana sufri\u00f3 el a\u00f1o pasado una contracci\u00f3n de un 8.5%, su peor desempe\u00f1o desde 1932 durante la Gran Depresi\u00f3n.<\/p>\n<p>Con informaci\u00f3n de Exc\u00e9lsior<\/p>\n","protected":false},"excerpt":{"rendered":"<p>La\u00a0econom\u00eda de M\u00e9xico se contrajo en 0.4%\u00a0el tercer trimestre m\u00e1s de lo que se estim\u00f3 preliminarmente y lo que esperaba el mercado, en su\u00a0primera ca\u00edda desde que comenz\u00f3 su recuperaci\u00f3n de la pandemia, golpeada por la tercera ola de covid-19 y\u00a0cuellos de botella en las cadenas de suministro. El Producto Interno Bruto (PIB) mostr\u00f3 un\u00a0retroceso &hellip;<\/p>\n","protected":false},"author":6,"featured_media":12293,"comment_status":"open","ping_status":"closed","sticky":false,"template":"","format":"standard","meta":[],"categories":[39],"tags":[1008,2289,156],"_links":{"self":[{"href":"https:\/\/www.elgrillitosuena.com\/inicio\/wp-json\/wp\/v2\/posts\/12292"}],"collection":[{"href":"https:\/\/www.elgrillitosuena.com\/inicio\/wp-json\/wp\/v2\/posts"}],"about":[{"href":"https:\/\/www.elgrillitosuena.com\/inicio\/wp-json\/wp\/v2\/types\/post"}],"author":[{"embeddable":true,"href":"https:\/\/www.elgrillitosuena.com\/inicio\/wp-json\/wp\/v2\/users\/6"}],"replies":[{"embeddable":true,"href":"https:\/\/www.elgrillitosuena.com\/inicio\/wp-json\/wp\/v2\/comments?post=12292"}],"version-history":[{"count":1,"href":"https:\/\/www.elgrillitosuena.com\/inicio\/wp-json\/wp\/v2\/posts\/12292\/revisions"}],"predecessor-version":[{"id":12294,"href":"https:\/\/www.elgrillitosuena.com\/inicio\/wp-json\/wp\/v2\/posts\/12292\/revisions\/12294"}],"wp:featuredmedia":[{"embeddable":true,"href":"https:\/\/www.elgrillitosuena.com\/inicio\/wp-json\/wp\/v2\/media\/12293"}],"wp:attachment":[{"href":"https:\/\/www.elgrillitosuena.com\/inicio\/wp-json\/wp\/v2\/media?parent=12292"}],"wp:term":[{"taxonomy":"category","embeddable":true,"href":"https:\/\/www.elgrillitosuena.com\/inicio\/wp-json\/wp\/v2\/categories?post=12292"},{"taxonomy":"post_tag","embeddable":true,"href":"https:\/\/www.elgrillitosuena.com\/inicio\/wp-json\/wp\/v2\/tags?post=12292"}],"curies":[{"name":"wp","href":"https:\/\/api.w.org\/{rel}","templated":true}]}}