{"id":12249,"date":"2021-11-24T17:31:48","date_gmt":"2021-11-24T17:31:48","guid":{"rendered":"https:\/\/www.elgrillitosuena.com\/inicio\/?p=12249"},"modified":"2021-11-24T17:31:48","modified_gmt":"2021-11-24T17:31:48","slug":"el-deporte-es-prioridad-en-la-administracion-de-nacho-campos","status":"publish","type":"post","link":"https:\/\/www.elgrillitosuena.com\/inicio\/noticias\/uruapan\/el-deporte-es-prioridad-en-la-administracion-de-nacho-campos\/","title":{"rendered":"El deporte es prioridad en la administraci\u00f3n de Nacho Campos"},"content":{"rendered":"<p><img decoding=\"async\" loading=\"lazy\" class=\"alignnone  wp-image-12250\" src=\"https:\/\/www.elgrillitosuena.com\/inicio\/wp-content\/uploads\/2021\/11\/WhatsApp-Image-2021-11-24-at-11.17.06-AM-2-300x192.jpeg\" alt=\"\" width=\"691\" height=\"442\" srcset=\"https:\/\/www.elgrillitosuena.com\/inicio\/wp-content\/uploads\/2021\/11\/WhatsApp-Image-2021-11-24-at-11.17.06-AM-2-300x192.jpeg 300w, https:\/\/www.elgrillitosuena.com\/inicio\/wp-content\/uploads\/2021\/11\/WhatsApp-Image-2021-11-24-at-11.17.06-AM-2-1024x655.jpeg 1024w, https:\/\/www.elgrillitosuena.com\/inicio\/wp-content\/uploads\/2021\/11\/WhatsApp-Image-2021-11-24-at-11.17.06-AM-2-768x491.jpeg 768w, https:\/\/www.elgrillitosuena.com\/inicio\/wp-content\/uploads\/2021\/11\/WhatsApp-Image-2021-11-24-at-11.17.06-AM-2.jpeg 1280w\" sizes=\"(max-width: 691px) 100vw, 691px\" \/><\/p>\n<p>El gobierno municipal que preside Nacho Campos, lanz\u00f3 la convocatoria para integrar el Consejo Municipal de Cultura F\u00edsica y Deporte.<\/p>\n<p>En rueda de prensa, Jaime Verduzco Ortega, secretario de Bienestar y Pol\u00edtica Social, invit\u00f3 a todos los deportistas a trazar una ruta conjunta para trabajar por el bien de Uruapan.<\/p>\n<p><img decoding=\"async\" loading=\"lazy\" class=\"alignnone  wp-image-12251\" src=\"https:\/\/www.elgrillitosuena.com\/inicio\/wp-content\/uploads\/2021\/11\/WhatsApp-Image-2021-11-24-at-11.17.06-AM-300x184.jpeg\" alt=\"\" width=\"672\" height=\"412\" srcset=\"https:\/\/www.elgrillitosuena.com\/inicio\/wp-content\/uploads\/2021\/11\/WhatsApp-Image-2021-11-24-at-11.17.06-AM-300x184.jpeg 300w, https:\/\/www.elgrillitosuena.com\/inicio\/wp-content\/uploads\/2021\/11\/WhatsApp-Image-2021-11-24-at-11.17.06-AM-1024x627.jpeg 1024w, https:\/\/www.elgrillitosuena.com\/inicio\/wp-content\/uploads\/2021\/11\/WhatsApp-Image-2021-11-24-at-11.17.06-AM-768x470.jpeg 768w, https:\/\/www.elgrillitosuena.com\/inicio\/wp-content\/uploads\/2021\/11\/WhatsApp-Image-2021-11-24-at-11.17.06-AM.jpeg 1280w\" sizes=\"(max-width: 672px) 100vw, 672px\" \/><\/p>\n<p>El objetivo, dijo, es que con el apoyo del Consejo el deporte llegue a cada rinc\u00f3n del municipio.<br \/>\nA su vez, Sarah\u00ed Yessenia Meraz Rivera, directora del Instituto Municipal de la Juventud y el Deporte (Imjude), motiv\u00f3 a la sociedad civil organizada a participar activamente en el desarrollo de las pol\u00edticas p\u00fablicas que impacten de manera contundente en el desarrollo de todas las disciplinas deportivas.<\/p>\n<p>En su turno, Alberto Gonz\u00e1lez Nambo, coordinador deportivo del Imjude, resalt\u00f3 la importancia de la integraci\u00f3n de este Consejo, que es el responsable de que Uruapan sea uno de los tres municipios en Michoac\u00e1n, que ya cuenta con su Reglamento, lo que permite que la sociedad pueda apoyar a normar y programar las actividades deportivas, mejorar la infraestructura y estrechar las relaciones con instituciones y dependencias.<\/p>\n<p><img decoding=\"async\" loading=\"lazy\" class=\"alignnone  wp-image-12252\" src=\"https:\/\/www.elgrillitosuena.com\/inicio\/wp-content\/uploads\/2021\/11\/WhatsApp-Image-2021-11-24-at-11.17.06-AM-1-300x180.jpeg\" alt=\"\" width=\"675\" height=\"405\" srcset=\"https:\/\/www.elgrillitosuena.com\/inicio\/wp-content\/uploads\/2021\/11\/WhatsApp-Image-2021-11-24-at-11.17.06-AM-1-300x180.jpeg 300w, https:\/\/www.elgrillitosuena.com\/inicio\/wp-content\/uploads\/2021\/11\/WhatsApp-Image-2021-11-24-at-11.17.06-AM-1-1024x614.jpeg 1024w, https:\/\/www.elgrillitosuena.com\/inicio\/wp-content\/uploads\/2021\/11\/WhatsApp-Image-2021-11-24-at-11.17.06-AM-1-768x461.jpeg 768w, https:\/\/www.elgrillitosuena.com\/inicio\/wp-content\/uploads\/2021\/11\/WhatsApp-Image-2021-11-24-at-11.17.06-AM-1.jpeg 1280w\" sizes=\"(max-width: 675px) 100vw, 675px\" \/><\/p>\n<p>Con esta convocatoria se da cumplimiento a lo que marca la Ley de Cultura F\u00edsica y Deporte del Estado de Michoac\u00e1n, as\u00ed como el Reglamento del Deporte del Municipio de Uruapan, para crear un \u00f3rgano consultor y de seguimiento a las pol\u00edticas p\u00fablicas en materia de cultura f\u00edsica, activaci\u00f3n y deporte.<\/p>\n","protected":false},"excerpt":{"rendered":"<p>El gobierno municipal que preside Nacho Campos, lanz\u00f3 la convocatoria para integrar el Consejo Municipal de Cultura F\u00edsica y Deporte. En rueda de prensa, Jaime Verduzco Ortega, secretario de Bienestar y Pol\u00edtica Social, invit\u00f3 a todos los deportistas a trazar una ruta conjunta para trabajar por el bien de Uruapan. El objetivo, dijo, es que &hellip;<\/p>\n","protected":false},"author":6,"featured_media":12250,"comment_status":"open","ping_status":"closed","sticky":false,"template":"","format":"standard","meta":[],"categories":[37],"tags":[3415,234,3414],"_links":{"self":[{"href":"https:\/\/www.elgrillitosuena.com\/inicio\/wp-json\/wp\/v2\/posts\/12249"}],"collection":[{"href":"https:\/\/www.elgrillitosuena.com\/inicio\/wp-json\/wp\/v2\/posts"}],"about":[{"href":"https:\/\/www.elgrillitosuena.com\/inicio\/wp-json\/wp\/v2\/types\/post"}],"author":[{"embeddable":true,"href":"https:\/\/www.elgrillitosuena.com\/inicio\/wp-json\/wp\/v2\/users\/6"}],"replies":[{"embeddable":true,"href":"https:\/\/www.elgrillitosuena.com\/inicio\/wp-json\/wp\/v2\/comments?post=12249"}],"version-history":[{"count":1,"href":"https:\/\/www.elgrillitosuena.com\/inicio\/wp-json\/wp\/v2\/posts\/12249\/revisions"}],"predecessor-version":[{"id":12253,"href":"https:\/\/www.elgrillitosuena.com\/inicio\/wp-json\/wp\/v2\/posts\/12249\/revisions\/12253"}],"wp:featuredmedia":[{"embeddable":true,"href":"https:\/\/www.elgrillitosuena.com\/inicio\/wp-json\/wp\/v2\/media\/12250"}],"wp:attachment":[{"href":"https:\/\/www.elgrillitosuena.com\/inicio\/wp-json\/wp\/v2\/media?parent=12249"}],"wp:term":[{"taxonomy":"category","embeddable":true,"href":"https:\/\/www.elgrillitosuena.com\/inicio\/wp-json\/wp\/v2\/categories?post=12249"},{"taxonomy":"post_tag","embeddable":true,"href":"https:\/\/www.elgrillitosuena.com\/inicio\/wp-json\/wp\/v2\/tags?post=12249"}],"curies":[{"name":"wp","href":"https:\/\/api.w.org\/{rel}","templated":true}]}}