{"id":12193,"date":"2021-11-23T16:56:21","date_gmt":"2021-11-23T16:56:21","guid":{"rendered":"https:\/\/www.elgrillitosuena.com\/inicio\/?p=12193"},"modified":"2021-11-23T16:56:21","modified_gmt":"2021-11-23T16:56:21","slug":"emilio-lozoya-impugna-prision-preventiva-por-caso-agronitrogenados","status":"publish","type":"post","link":"https:\/\/www.elgrillitosuena.com\/inicio\/noticias\/mexico\/emilio-lozoya-impugna-prision-preventiva-por-caso-agronitrogenados\/","title":{"rendered":"Emilio Lozoya impugna prisi\u00f3n preventiva por caso Agronitrogenados"},"content":{"rendered":"<p><img decoding=\"async\" src=\"https:\/\/polemon.mx\/wp-content\/uploads\/2018\/10\/emilio.jpg\" \/><\/p>\n<p>El ex director de Petr\u00f3leos Mexicanos (Pemex), Emilio Lozoya Austin, impugn\u00f3 la medida cautelar de prisi\u00f3n preventiva justificada que un juez federal le impuso por el caso Agronitrogenados.<\/p>\n<p>El recurso de apelaci\u00f3n ser\u00e1 turnado a un Tribunal Unitario, quien determinar\u00e1 si la medida impuesta por el juez de control Jos\u00e9 Artemio Z\u00fa\u00f1iga Mendoza debe prevalecer.<\/p>\n<p>El 10 de noviembre, en audiencia celebrada en el Centro de Justicia Penal Federal del reclusorio Norte, la Fiscal\u00eda General de la Rep\u00fablica (FGR) se opuso a que el ex funcionario enfrente su proceso en libertad.<\/p>\n<p>Los fiscales tambi\u00e9n revelaron que ese mismo d\u00eda acababan de ser notificados que Emilio Lozoya hab\u00eda apelado la prisi\u00f3n preventiva justificada que se le decret\u00f3 el 3 de noviembre por el caso Odebrecht.<\/p>\n<p>Por su parte, el juez Artemio Z\u00fa\u00f1iga le dijo a Emilio Lozoya que por l\u00f3gica no pod\u00eda imponerle otra medida cautelar, porque ya estaba sujeto a la prisi\u00f3n preventiva justificada en el asunto Odebrecht, o de lo contrario lo dejar\u00eda en el \u201climbo\u201d.<\/p>\n<p>El juzgador le indic\u00f3 que esto lo beneficiar\u00e1 en su proceso, porque podr\u00e1 ser utilizado para contabilizar el tiempo que lleva interno en caso de que se emita una sentencia en su contra.<\/p>\n<p>Asimismo, el juez orden\u00f3 retirar el brazalete electr\u00f3nico que portaba Emilio Lozoya.<\/p>\n<p>Ayer, el juez federal otorg\u00f3 una pr\u00f3rroga de 14 d\u00edas al ex director de Pemex para el cierre de la etapa de investigaci\u00f3n complementaria en el caso Agronitrogenados.<\/p>\n<p>Alejandro Rojas D\u00edaz Pruneda, abogado de Emilio Lozoya, manifest\u00f3 al juez de control que la FGR no les ha entregado toda la informaci\u00f3n del caso.<\/p>\n<p>Ante esta situaci\u00f3n, el juzgador mencion\u00f3 que la falta de estos documentos que contienen actos de investigaci\u00f3n podr\u00eda afectar el debido proceso y la adecuada defensa del imputado, raz\u00f3n por la cual decidi\u00f3 conceder el plazo solicitado.<\/p>\n<p>Por su parte, la FGR se comprometi\u00f3 a entregar la informaci\u00f3n a partir de hoy para que Emilio Lozoya pueda conocer la totalidad de la carpeta iniciada en su contra por el presunto delito de operaciones con recursos de procedencia il\u00edcita.<\/p>\n<p>Con informaci\u00f3n de Milenio Noticias<\/p>\n","protected":false},"excerpt":{"rendered":"<p>El ex director de Petr\u00f3leos Mexicanos (Pemex), Emilio Lozoya Austin, impugn\u00f3 la medida cautelar de prisi\u00f3n preventiva justificada que un juez federal le impuso por el caso Agronitrogenados. El recurso de apelaci\u00f3n ser\u00e1 turnado a un Tribunal Unitario, quien determinar\u00e1 si la medida impuesta por el juez de control Jos\u00e9 Artemio Z\u00fa\u00f1iga Mendoza debe prevalecer. &hellip;<\/p>\n","protected":false},"author":6,"featured_media":12194,"comment_status":"open","ping_status":"closed","sticky":false,"template":"","format":"standard","meta":[],"categories":[39],"tags":[2946,1494,3031],"_links":{"self":[{"href":"https:\/\/www.elgrillitosuena.com\/inicio\/wp-json\/wp\/v2\/posts\/12193"}],"collection":[{"href":"https:\/\/www.elgrillitosuena.com\/inicio\/wp-json\/wp\/v2\/posts"}],"about":[{"href":"https:\/\/www.elgrillitosuena.com\/inicio\/wp-json\/wp\/v2\/types\/post"}],"author":[{"embeddable":true,"href":"https:\/\/www.elgrillitosuena.com\/inicio\/wp-json\/wp\/v2\/users\/6"}],"replies":[{"embeddable":true,"href":"https:\/\/www.elgrillitosuena.com\/inicio\/wp-json\/wp\/v2\/comments?post=12193"}],"version-history":[{"count":1,"href":"https:\/\/www.elgrillitosuena.com\/inicio\/wp-json\/wp\/v2\/posts\/12193\/revisions"}],"predecessor-version":[{"id":12195,"href":"https:\/\/www.elgrillitosuena.com\/inicio\/wp-json\/wp\/v2\/posts\/12193\/revisions\/12195"}],"wp:featuredmedia":[{"embeddable":true,"href":"https:\/\/www.elgrillitosuena.com\/inicio\/wp-json\/wp\/v2\/media\/12194"}],"wp:attachment":[{"href":"https:\/\/www.elgrillitosuena.com\/inicio\/wp-json\/wp\/v2\/media?parent=12193"}],"wp:term":[{"taxonomy":"category","embeddable":true,"href":"https:\/\/www.elgrillitosuena.com\/inicio\/wp-json\/wp\/v2\/categories?post=12193"},{"taxonomy":"post_tag","embeddable":true,"href":"https:\/\/www.elgrillitosuena.com\/inicio\/wp-json\/wp\/v2\/tags?post=12193"}],"curies":[{"name":"wp","href":"https:\/\/api.w.org\/{rel}","templated":true}]}}