{"id":1206,"date":"2020-09-10T00:20:06","date_gmt":"2020-09-10T00:20:06","guid":{"rendered":"https:\/\/www.elgrillitosuena.com\/inicio\/?p=1206"},"modified":"2020-09-10T00:21:08","modified_gmt":"2020-09-10T00:21:08","slug":"checo-perez-dejara-racing-point-al-final-de-la-temporada","status":"publish","type":"post","link":"https:\/\/www.elgrillitosuena.com\/inicio\/noticias\/deportes\/checo-perez-dejara-racing-point-al-final-de-la-temporada\/","title":{"rendered":"Checo P\u00e9rez dejar\u00e1 Racing Point al final de la temporada"},"content":{"rendered":"\n<figure class=\"wp-block-image size-large\"><img decoding=\"async\" loading=\"lazy\" width=\"678\" height=\"452\" src=\"https:\/\/www.elgrillitosuena.com\/inicio\/wp-content\/uploads\/2020\/09\/images-22.jpeg\" alt=\"\" class=\"wp-image-1205\" srcset=\"https:\/\/www.elgrillitosuena.com\/inicio\/wp-content\/uploads\/2020\/09\/images-22.jpeg 678w, https:\/\/www.elgrillitosuena.com\/inicio\/wp-content\/uploads\/2020\/09\/images-22-300x200.jpeg 300w\" sizes=\"(max-width: 678px) 100vw, 678px\" \/><\/figure>\n\n\n\n<p>Se\u00a0cierra un ciclo\u00a0para el piloto mexicano Sergio &#8220;Checo&#8221; P\u00e9rez,\u00a0quien este mi\u00e9rcoles anunci\u00f3 a trav\u00e9s de un comunicado que al\u00a0t\u00e9rmino de la presente temporada (2020)\u00a0saldr\u00e1 de la escuder\u00eda\u00a0Racing Point,\u00a0que el pr\u00f3ximo a\u00f1o correr\u00e1 en la\u00a0F\u00f3rmula 1\u00a0bajo el nombre de\u00a0Aston Martin.<\/p>\n\n\n\n<p>&#8220;Todo tiene siempre un principio y un final, y\u00a0tras siete a\u00f1os juntos mi ciclo con el equipo llegar\u00e1 a su fin al t\u00e9rmino de la temporada\u00a0[&#8230;] En lo personal\u00a0duele porque apost\u00e9 mucho por el equipo en momentos muy dif\u00edciles;\u00a0se logr\u00f3 salir adelante y me siento muy orgulloso de haber salvado el trabajo de muchos de mis compa\u00f1eros&#8221;.<\/p>\n\n\n\n<p>&#8220;Me quedo con los recuerdos de los\u00a0grandes momentos que vivimos juntos,\u00a0las amistades y la\u00a0satisfacci\u00f3n de siempre haber dado lo mejor de m\u00ed&#8221;,\u00a0se\u00f1ala Checo P\u00e9rez en parte del comunicado.<\/p>\n\n\n\n<p><blockquote class=\"twitter-tweet\" data-width=\"550\" data-dnt=\"true\"><p lang=\"en\" dir=\"ltr\">Tengo algo que anunciarles&#8230;<br>\u00a1Gracias por su apoyo todo este tiempo!<br><br>I have something to announce to you&#8230;<br>Thank you for your support all these years!<a href=\"https:\/\/twitter.com\/hashtag\/NeverGiveUp?src=hash&amp;ref_src=twsrc%5Etfw\">#NeverGiveUp<\/a> <a href=\"https:\/\/t.co\/4qN9U6Cg1L\">pic.twitter.com\/4qN9U6Cg1L<\/a><\/p>&mdash; Sergio P\u00e9rez (@SChecoPerez) <a href=\"https:\/\/twitter.com\/SChecoPerez\/status\/1303760511239151618?ref_src=twsrc%5Etfw\">September 9, 2020<\/a><\/blockquote><script async src=\"https:\/\/platform.twitter.com\/widgets.js\" charset=\"utf-8\"><\/script><\/p>\n","protected":false},"excerpt":{"rendered":"<p>Se\u00a0cierra un ciclo\u00a0para el piloto mexicano Sergio &#8220;Checo&#8221; P\u00e9rez,\u00a0quien este mi\u00e9rcoles anunci\u00f3 a trav\u00e9s de un comunicado que al\u00a0t\u00e9rmino de la presente temporada (2020)\u00a0saldr\u00e1 de la escuder\u00eda\u00a0Racing Point,\u00a0que el pr\u00f3ximo a\u00f1o correr\u00e1 en la\u00a0F\u00f3rmula 1\u00a0bajo el nombre de\u00a0Aston Martin. &#8220;Todo tiene siempre un principio y un final, y\u00a0tras siete a\u00f1os juntos mi ciclo con el &hellip;<\/p>\n","protected":false},"author":4,"featured_media":1208,"comment_status":"open","ping_status":"closed","sticky":false,"template":"","format":"standard","meta":[],"categories":[45],"tags":[],"_links":{"self":[{"href":"https:\/\/www.elgrillitosuena.com\/inicio\/wp-json\/wp\/v2\/posts\/1206"}],"collection":[{"href":"https:\/\/www.elgrillitosuena.com\/inicio\/wp-json\/wp\/v2\/posts"}],"about":[{"href":"https:\/\/www.elgrillitosuena.com\/inicio\/wp-json\/wp\/v2\/types\/post"}],"author":[{"embeddable":true,"href":"https:\/\/www.elgrillitosuena.com\/inicio\/wp-json\/wp\/v2\/users\/4"}],"replies":[{"embeddable":true,"href":"https:\/\/www.elgrillitosuena.com\/inicio\/wp-json\/wp\/v2\/comments?post=1206"}],"version-history":[{"count":1,"href":"https:\/\/www.elgrillitosuena.com\/inicio\/wp-json\/wp\/v2\/posts\/1206\/revisions"}],"predecessor-version":[{"id":1207,"href":"https:\/\/www.elgrillitosuena.com\/inicio\/wp-json\/wp\/v2\/posts\/1206\/revisions\/1207"}],"wp:featuredmedia":[{"embeddable":true,"href":"https:\/\/www.elgrillitosuena.com\/inicio\/wp-json\/wp\/v2\/media\/1208"}],"wp:attachment":[{"href":"https:\/\/www.elgrillitosuena.com\/inicio\/wp-json\/wp\/v2\/media?parent=1206"}],"wp:term":[{"taxonomy":"category","embeddable":true,"href":"https:\/\/www.elgrillitosuena.com\/inicio\/wp-json\/wp\/v2\/categories?post=1206"},{"taxonomy":"post_tag","embeddable":true,"href":"https:\/\/www.elgrillitosuena.com\/inicio\/wp-json\/wp\/v2\/tags?post=1206"}],"curies":[{"name":"wp","href":"https:\/\/api.w.org\/{rel}","templated":true}]}}