{"id":1197,"date":"2020-09-09T18:41:20","date_gmt":"2020-09-09T18:41:20","guid":{"rendered":"https:\/\/www.elgrillitosuena.com\/inicio\/?p=1197"},"modified":"2020-09-09T18:41:20","modified_gmt":"2020-09-09T18:41:20","slug":"vacuna-de-astrazeneca-no-es-la-unica-opcion-para-mexico-amlo","status":"publish","type":"post","link":"https:\/\/www.elgrillitosuena.com\/inicio\/noticias\/mexico\/vacuna-de-astrazeneca-no-es-la-unica-opcion-para-mexico-amlo\/","title":{"rendered":"Vacuna de AstraZeneca no es la \u00fanica opci\u00f3n para M\u00e9xico: AMLO"},"content":{"rendered":"<p><img decoding=\"async\" loading=\"lazy\" class=\"alignnone  wp-image-1198\" src=\"https:\/\/www.elgrillitosuena.com\/inicio\/wp-content\/uploads\/2020\/09\/test-covid19-amlo-300x203.jpg\" alt=\"\" width=\"536\" height=\"363\" srcset=\"https:\/\/www.elgrillitosuena.com\/inicio\/wp-content\/uploads\/2020\/09\/test-covid19-amlo-300x203.jpg 300w, https:\/\/www.elgrillitosuena.com\/inicio\/wp-content\/uploads\/2020\/09\/test-covid19-amlo-1024x693.jpg 1024w, https:\/\/www.elgrillitosuena.com\/inicio\/wp-content\/uploads\/2020\/09\/test-covid19-amlo-768x520.jpg 768w, https:\/\/www.elgrillitosuena.com\/inicio\/wp-content\/uploads\/2020\/09\/test-covid19-amlo-110x75.jpg 110w, https:\/\/www.elgrillitosuena.com\/inicio\/wp-content\/uploads\/2020\/09\/test-covid19-amlo.jpg 1200w\" sizes=\"(max-width: 536px) 100vw, 536px\" \/><\/p>\n<p>Uruapan, Mich.- En su rueda de prensa ma\u00f1anera, nuestro viejito santo, cabecita de cot\u00f3n, Andres Manuel L\u00f3pez Obrador dijo que &#8220;Sin Yolanda Maricarmen que aqu\u00ed no ha pasado Nancy&#8221; con la prueba fallica de la vacuna contra Covid-19 que el laboratorio AstraZeneca estaba experimentando, ya que afirm\u00f3 que M\u00e9xico tiene convenios con al menos tres farmac\u00e9uticas m\u00e1s.<\/p>\n<p>\u201cEstamos inscritos en los principales proyectos de investigaci\u00f3n, o sea, para tener la\u00a0<strong>vacuna<\/strong>\u00a0a tiempo; no cambia, no var\u00eda el que se haya presentado esta situaci\u00f3n con una de las empresas\u00a0(<strong>AstraZeneca<\/strong>) con las que tenemos convenio; tenemos una relaci\u00f3n similar con dos o tres empresas que ya tambi\u00e9n est\u00e1n en fase 3 de investigaci\u00f3n\u201d, dijo el mandatario desde Palacio Nacional.<\/p>\n<p>Nuestro Tlatoani asegur\u00f3 que existen propuestas de los gobiernos de<strong>\u00a0Estados Unidos, Rusia y China<\/strong>\u00a0para adquirir la vacuna, por lo que la suspensi\u00f3n de las pruebas de\u00a0<strong>AstraZeneca<\/strong>\u00a0no afectar\u00eda a<strong>\u00a0M\u00e9xico.<\/strong><\/p>\n<p>\u201cConsiderando a M\u00e9xico como pa\u00eds prioritario, d\u00e1ndole a\u00a0<strong>M\u00e9xico<\/strong>\u00a0un sitio especial; entonces, decirle a la poblaci\u00f3n que esto que sucede con esta<strong>\u00a0vacuna<\/strong>\u00a0(AstraZeneca) no afecta el que nosotros podamos disponer m\u00e1s temprano que tarde de la vacuna contra el\u00a0<strong>Covid-19<\/strong>\u201c, dijo el presidente.<\/p>\n<p>Por su parte, nuestro t\u00edo favorito de la pandemia <strong>Hugo L\u00f3pez-Gatell<\/strong>, inform\u00f3 la noche del martes que se podr\u00eda\u00a0<strong>retrasar<\/strong>\u00a0la llegada de la candidata a\u00a0<strong>vacuna<\/strong>\u00a0contra\u00a0<strong>Covid-19\u00a0<\/strong>desarrollada por\u00a0<strong>AstraZeneca<\/strong>\u00a0y la\u00a0<strong>Universidad de Oxford<\/strong>, luego de que la farmac\u00e9utica suspendi\u00f3 sus pruebas cl\u00ednicas.<\/p>\n<p>La\u00a0<strong>compa\u00f1\u00eda\u00a0<\/strong>anunci\u00f3 que uno de los participantes de su ensayo desarroll\u00f3 una enfermedad \u201cpotencialmente inexplicable\u201d y como parte del protocolo se detuvieron las pruebas de manera temporal.<\/p>\n<p><strong>L\u00f3pez-Gatell\u00a0<\/strong>se\u00f1al\u00f3 que la duraci\u00f3n de la suspensi\u00f3n depender\u00e1 de la reacci\u00f3n secundaria que se detect\u00f3 en el ensayo y de la recomendaci\u00f3n que emiti\u00f3 el comit\u00e9 de seguridad que participa en el desarrollo de la\u00a0<strong>vacuna contra el Covid-19<\/strong>.<\/p>\n<p>Con informaci\u00f3n de Latinus<\/p>\n","protected":false},"excerpt":{"rendered":"<p>Uruapan, Mich.- En su rueda de prensa ma\u00f1anera, nuestro viejito santo, cabecita de cot\u00f3n, Andres Manuel L\u00f3pez Obrador dijo que &#8220;Sin Yolanda Maricarmen que aqu\u00ed no ha pasado Nancy&#8221; con la prueba fallica de la vacuna contra Covid-19 que el laboratorio AstraZeneca estaba experimentando, ya que afirm\u00f3 que M\u00e9xico tiene convenios con al menos tres &hellip;<\/p>\n","protected":false},"author":2,"featured_media":1198,"comment_status":"open","ping_status":"closed","sticky":false,"template":"","format":"standard","meta":[],"categories":[39],"tags":[98,61,127],"_links":{"self":[{"href":"https:\/\/www.elgrillitosuena.com\/inicio\/wp-json\/wp\/v2\/posts\/1197"}],"collection":[{"href":"https:\/\/www.elgrillitosuena.com\/inicio\/wp-json\/wp\/v2\/posts"}],"about":[{"href":"https:\/\/www.elgrillitosuena.com\/inicio\/wp-json\/wp\/v2\/types\/post"}],"author":[{"embeddable":true,"href":"https:\/\/www.elgrillitosuena.com\/inicio\/wp-json\/wp\/v2\/users\/2"}],"replies":[{"embeddable":true,"href":"https:\/\/www.elgrillitosuena.com\/inicio\/wp-json\/wp\/v2\/comments?post=1197"}],"version-history":[{"count":1,"href":"https:\/\/www.elgrillitosuena.com\/inicio\/wp-json\/wp\/v2\/posts\/1197\/revisions"}],"predecessor-version":[{"id":1199,"href":"https:\/\/www.elgrillitosuena.com\/inicio\/wp-json\/wp\/v2\/posts\/1197\/revisions\/1199"}],"wp:featuredmedia":[{"embeddable":true,"href":"https:\/\/www.elgrillitosuena.com\/inicio\/wp-json\/wp\/v2\/media\/1198"}],"wp:attachment":[{"href":"https:\/\/www.elgrillitosuena.com\/inicio\/wp-json\/wp\/v2\/media?parent=1197"}],"wp:term":[{"taxonomy":"category","embeddable":true,"href":"https:\/\/www.elgrillitosuena.com\/inicio\/wp-json\/wp\/v2\/categories?post=1197"},{"taxonomy":"post_tag","embeddable":true,"href":"https:\/\/www.elgrillitosuena.com\/inicio\/wp-json\/wp\/v2\/tags?post=1197"}],"curies":[{"name":"wp","href":"https:\/\/api.w.org\/{rel}","templated":true}]}}